{"id":168012,"date":"2025-11-28T09:43:04","date_gmt":"2025-11-28T09:43:04","guid":{"rendered":"https:\/\/www.europesays.com\/pt\/168012\/"},"modified":"2025-11-28T09:43:04","modified_gmt":"2025-11-28T09:43:04","slug":"mais-de-120-mortos-concluido-combate-de-dois-dias-a-incendio-em-torres-de-hong-kong","status":"publish","type":"post","link":"https:\/\/www.europesays.com\/pt\/168012\/","title":{"rendered":"Mais de 120 mortos. Conclu\u00eddo combate de dois dias a inc\u00eandio em torres de Hong Kong"},"content":{"rendered":"<p>&#13;<br \/>\n<b>O n\u00famero de mortos no inc\u00eandio que devastou um complexo residencial em Hong Kong subiu para 128 esta sexta-feira e cerca de 200 pessoas continuam desaparecidas. &#13;<br \/>\n<\/b>&#13;\n<\/p>\n<p>O chefe de seguran\u00e7a da regi\u00e3o administrativa especial chinesa, Chris Tang, precisou que 89 corpos resgatados n\u00e3o foram ainda identificados.<\/p>\n<p><b>&#8220;N\u00e3o descartamos a possibilidade de serem encontrados mais corpos quando a pol\u00edcia entrar no edif\u00edcio para investiga\u00e7\u00f5es detalhadas&#8221;, disse Tang.<\/b><\/p>\n<p>Dois dias ap\u00f3s o in\u00edcio deste inc\u00eandio, os bombeiros de Hong Kong conclu\u00edram finalmente as opera\u00e7\u00f5es de combate ao complexo residencial, constru\u00eddo nos anos 80, composto por oito torres com perto de 30 andares e um total de 1.984 apartamentos, onde viviam cerca de quatro mil pessoas.<\/p>\n<p>As chamas estavam &#8220;amplamente extintas&#8221; \u00e0s 10h18 locais (02h18 em Lisboa), hora em que foram dadas como conclu\u00eddas as opera\u00e7\u00f5es de combate ao inc\u00eandio, segundo um porta-voz do Governo em declara\u00e7\u00f5es \u00e0 ag\u00eancia France-Presse (AFP), citando os bombeiros. <br \/>&#13;<br \/>\nInvestiga\u00e7\u00e3o em curso<br \/>&#13;<br \/>\n<b>O chefe de seguran\u00e7a de Hong Kong indicou que a investiga\u00e7\u00e3o para determinar as causas da trag\u00e9dia ainda est\u00e1 em curso e poder\u00e1 demorar tr\u00eas ou quatro semanas.<\/b><\/p>\n<p>&#8220;O nosso objetivo agora \u00e9 garantir que a temperatura diminui no edif\u00edcio e, assim que tudo for considerado seguro, a pol\u00edcia ir\u00e1 recolher provas e conduzir uma investiga\u00e7\u00e3o mais aprofundada&#8221;, disse Tang. O edif\u00edcio em causa estava em obras para renova\u00e7\u00e3o e envolto em andaimes de bambu e tela verde, o que pode ter acelerado a propaga\u00e7\u00e3o do inc\u00eandio.<\/p>\n<p>Os residentes do complexo habitacional relataram com horror a rapidez com que o fogo se alastrou.<br \/>&#13;<br \/>\n<b><br \/>&#13;<br \/>\n<\/b>&#13;\n<\/p>\n<p>&#13;<br \/>\n<b>&#13;<br \/>\n&#8220;Um dos edif\u00edcios pegou fogo e as chamas propagaram-se a outros dois blocos em menos de 15 minutos&#8221;<\/b>, disse Mui, uma mulher de 77 anos. &#8220;Aconteceu muito r\u00e1pido. S\u00f3 de pensar nisso, arrepio-me&#8221;.&#13;\n<\/p>\n<p><b>Os bombeiros enviaram uma equipa de especialistas para o local ap\u00f3s in\u00fameros relatos de que os alarmes de inc\u00eandio n\u00e3o tinham soado. <\/b>&#8220;Verific\u00e1mos que os sistemas de alarme nos oito edif\u00edcios n\u00e3o estavam a funcionar corretamente&#8221;, disse o chefe do corpo de bombeiros de Hong Kong, corroborando os relatos de v\u00e1rias testemunhas.<br \/>\nTr\u00eas suspeitos detidos<br \/>\n<b>Para al\u00e9m disso, a pol\u00edcia anunciou a deten\u00e7\u00e3o de tr\u00eas homens suspeitos de &#8220;neglig\u00eancia grosseira&#8221; ap\u00f3s a descoberta de materiais inflam\u00e1veis deixados para tr\u00e1s durante as obras, o que permitiu que o fogo se alastrasse rapidamente devido a ventos fortes.<\/b><\/p>\n<p>O chefe do Executivo, John Lee Ka-chiu, anunciou a inspe\u00e7\u00e3o de todos os principais projetos de renova\u00e7\u00e3o da cidade. <b>O n\u00famero dois do Governo, Eric Chan, por sua vez, considerou &#8220;imperativo acelerar a transi\u00e7\u00e3o completa para andaimes met\u00e1licos&#8221;.\u00a0<\/b>Os inc\u00eandios s\u00e3o um flagelo antigo em Hong Kong, particularmente nos bairros mais pobres. As medidas de seguran\u00e7a refor\u00e7adas nas \u00faltimas d\u00e9cadas tornaram-nos menos frequentes.<\/p>\n<p>No entanto, o risco \u00e9 agravado pelo facto de Hong Kong, com 7,5 milh\u00f5es de habitantes, ter uma densidade populacional m\u00e9dia superior a 7.100 pessoas por quil\u00f3metro quadrado. Este n\u00famero chega a ser tr\u00eas vezes superior nas zonas mais urbanizadas.<\/p>\n<p>Dada a dimens\u00e3o limitada do territ\u00f3rio, nas \u00faltimas d\u00e9cadas assistiu-se \u00e0 constru\u00e7\u00e3o em massa de arranha-c\u00e9us, alguns com mais de 50 andares.<\/p>\n<p>c\/ag\u00eancias&#13;\n            <\/p>\n","protected":false},"excerpt":{"rendered":"&#13; O n\u00famero de mortos no inc\u00eandio que devastou um complexo residencial em Hong Kong subiu para 128&hellip;\n","protected":false},"author":2,"featured_media":168013,"comment_status":"","ping_status":"","sticky":false,"template":"","format":"standard","meta":{"footnotes":""},"categories":[50],"tags":[27,28,15,16,14,12212,625,25,26,21,22,62,12,13,19,20,23,24,17,18,29,30,31,63,64,65],"class_list":{"0":"post-168012","1":"post","2":"type-post","3":"status-publish","4":"format-standard","5":"has-post-thumbnail","7":"category-mundo","8":"tag-breaking-news","9":"tag-breakingnews","10":"tag-featured-news","11":"tag-featurednews","12":"tag-headlines","13":"tag-hong-kong","14":"tag-incendio","15":"tag-latest-news","16":"tag-latestnews","17":"tag-main-news","18":"tag-mainnews","19":"tag-mundo","20":"tag-news","21":"tag-noticias","22":"tag-noticias-principais","23":"tag-noticiasprincipais","24":"tag-principais-noticias","25":"tag-principaisnoticias","26":"tag-top-stories","27":"tag-topstories","28":"tag-ultimas","29":"tag-ultimas-noticias","30":"tag-ultimasnoticias","31":"tag-world","32":"tag-world-news","33":"tag-worldnews"},"share_on_mastodon":{"url":"https:\/\/pubeurope.com\/@pt\/115626679137894136","error":""},"_links":{"self":[{"href":"https:\/\/www.europesays.com\/pt\/wp-json\/wp\/v2\/posts\/168012","targetHints":{"allow":["GET"]}}],"collection":[{"href":"https:\/\/www.europesays.com\/pt\/wp-json\/wp\/v2\/posts"}],"about":[{"href":"https:\/\/www.europesays.com\/pt\/wp-json\/wp\/v2\/types\/post"}],"author":[{"embeddable":true,"href":"https:\/\/www.europesays.com\/pt\/wp-json\/wp\/v2\/users\/2"}],"replies":[{"embeddable":true,"href":"https:\/\/www.europesays.com\/pt\/wp-json\/wp\/v2\/comments?post=168012"}],"version-history":[{"count":0,"href":"https:\/\/www.europesays.com\/pt\/wp-json\/wp\/v2\/posts\/168012\/revisions"}],"wp:featuredmedia":[{"embeddable":true,"href":"https:\/\/www.europesays.com\/pt\/wp-json\/wp\/v2\/media\/168013"}],"wp:attachment":[{"href":"https:\/\/www.europesays.com\/pt\/wp-json\/wp\/v2\/media?parent=168012"}],"wp:term":[{"taxonomy":"category","embeddable":true,"href":"https:\/\/www.europesays.com\/pt\/wp-json\/wp\/v2\/categories?post=168012"},{"taxonomy":"post_tag","embeddable":true,"href":"https:\/\/www.europesays.com\/pt\/wp-json\/wp\/v2\/tags?post=168012"}],"curies":[{"name":"wp","href":"https:\/\/api.w.org\/{rel}","templated":true}]}}