{"id":168018,"date":"2025-11-28T09:47:07","date_gmt":"2025-11-28T09:47:07","guid":{"rendered":"https:\/\/www.europesays.com\/pt\/168018\/"},"modified":"2025-11-28T09:47:07","modified_gmt":"2025-11-28T09:47:07","slug":"nao-e-apenas-influencer-conheca-a-profissao-surpreendente-da-mulher-de-agir-tvi","status":"publish","type":"post","link":"https:\/\/www.europesays.com\/pt\/168018\/","title":{"rendered":"N\u00e3o \u00e9 apenas influencer: conhe\u00e7a a profiss\u00e3o surpreendente da mulher de Agir &#8211; TVI"},"content":{"rendered":"<ol>\n<li><a href=\"https:\/\/news.google.com\/rss\/articles\/CBMivgFBVV95cUxPSTRiSHdFVEszWG13VVNHcVpnem1zZDVJRnhsck5mcjRNQ3ZXYXlpTjFOeU9NRERLalNoenV6WkE4dW9OY1k0dXhQUV84bnR5bF9WUDhORmFCNnUzbDVDSE14VTB3aERMbG1NamgwVjhLeVBYSWZnS2YwSnJGSFJ0YmtLM0IwQk4zZEg1VTd1NGRkTkw4YUlMUmFDcDJPd0VhQXNLMlNuTEMzUUJ5WHhFVnJwdWdjMERxQkU4MFJ3?oc=5\" target=\"_blank\" rel=\"nofollow noopener\">N\u00e3o \u00e9 apenas influencer: conhe\u00e7a a profiss\u00e3o surpreendente da mulher de Agir<\/a>&nbsp;&nbsp;TVI<\/li>\n<li><a href=\"https:\/\/news.google.com\/rss\/articles\/CBMixAFBVV95cUxPWTFRRkVqRUZONWFpbTctd2RsQ3BJVVQ4aUNwMkpCd0l3S0pOVzZualh2TkVkN1NYYnZWc01OY1JkaVBfc2lfR3hOdUp4OHRlc2FUUU4xQ0lHTzJ0SXU5S0dVRmhRbEEzY05ER216SWhVM0lwVnBEM0lPeTFvdVp2V28yN19WT3lERXdnSGNJM2NOWk9LM29ydHFnT2FqcmI5R1dFazFXM2FRTnQ5Rk9kOW8tWU1yN3V0Nm1zYXVlcVI5U0tr?oc=5\" target=\"_blank\" rel=\"nofollow noopener\">J\u00e1 h\u00e1 nome para a beb\u00e9 de Agir e Catarina Gama: &#8220;S\u00f3 t\u00ednhamos este desde o in\u00edcio&#8221;<\/a>&nbsp;&nbsp;Fama Show<\/li>\n<li><a href=\"https:\/\/news.google.com\/rss\/articles\/CBMirAFBVV95cUxPNkZNd1dPZkVCTVhRNDdTeVY0bEpKS0FGcWpMMmZXVG9aazkwSU1xb3VNU1BKZ3BLdnZ0MXlQNUVBcFo2djlTc0VZVEd2cmlBYnBJSkZHS1ctMzNoX0ItdHloR2RxdzF5NTZFMHc5WmFwZkVQNWhDOVk2ZUJhY0FudVBiNkl1NHdEa1JCaWU0WnRjanR2dnp6SDhIZkl6X1BGZWpLSUhLNUxwTjNX?oc=5\" target=\"_blank\" rel=\"nofollow noopener\">Catarina Gama: Detalhes e curiosidades para nascimento da filha<\/a>&nbsp;&nbsp;Not\u00edcias ao Minuto<\/li>\n<li><a href=\"https:\/\/news.google.com\/rss\/articles\/CBMiigFBVV95cUxPRUZva0xCeURwVVByX2oxanh3cnM2ZTQ1dkM4cmJnUk5JQWdabUpRMUxKY2sxMURpVjNiX1NvZDZMTnRhYkV4Qm4yZlJwb1RXZE40YzUyRDViamlMeWgzYTBxQjdiMlJtbXdPc2xtSjNfbDVQNjVJemtlb3ZFU3lPTks3QkRXakliU1E?oc=5\" target=\"_blank\" rel=\"nofollow noopener\">\u201cEst\u00e1 a passar t\u00e3o r\u00e1pido (\u2026) j\u00e1 sinto que vou ter saudades\u201d<\/a>&nbsp;&nbsp;On fm<\/li>\n<\/ol>\n","protected":false},"excerpt":{"rendered":"N\u00e3o \u00e9 apenas influencer: conhe\u00e7a a profiss\u00e3o surpreendente da mulher de Agir&nbsp;&nbsp;TVI J\u00e1 h\u00e1 nome para a beb\u00e9&hellip;\n","protected":false},"author":2,"featured_media":168019,"comment_status":"","ping_status":"","sticky":false,"template":"","format":"standard","meta":{"footnotes":""},"categories":[145],"tags":[160,211,210,166,114,115,157,167,164,161,158,165,159,32,33,156,163,162],"class_list":{"0":"post-168018","1":"post","2":"type-post","3":"status-publish","4":"format-standard","5":"has-post-thumbnail","7":"category-celebridades","8":"tag-ana-guiomar","9":"tag-celebridades","10":"tag-celebrities","11":"tag-cristina-ferreira","12":"tag-entertainment","13":"tag-entretenimento","14":"tag-festa-e-festa","15":"tag-ficcao","16":"tag-jose-fidalgo","17":"tag-novelas","18":"tag-para-sempre","19":"tag-pedro-sousa","20":"tag-pedro-teixeira","21":"tag-portugal","22":"tag-pt","23":"tag-queridos-papas","24":"tag-tiago-teotonio-pereira","25":"tag-tvi"},"share_on_mastodon":{"url":"https:\/\/pubeurope.com\/@pt\/115626694588407024","error":""},"_links":{"self":[{"href":"https:\/\/www.europesays.com\/pt\/wp-json\/wp\/v2\/posts\/168018","targetHints":{"allow":["GET"]}}],"collection":[{"href":"https:\/\/www.europesays.com\/pt\/wp-json\/wp\/v2\/posts"}],"about":[{"href":"https:\/\/www.europesays.com\/pt\/wp-json\/wp\/v2\/types\/post"}],"author":[{"embeddable":true,"href":"https:\/\/www.europesays.com\/pt\/wp-json\/wp\/v2\/users\/2"}],"replies":[{"embeddable":true,"href":"https:\/\/www.europesays.com\/pt\/wp-json\/wp\/v2\/comments?post=168018"}],"version-history":[{"count":0,"href":"https:\/\/www.europesays.com\/pt\/wp-json\/wp\/v2\/posts\/168018\/revisions"}],"wp:featuredmedia":[{"embeddable":true,"href":"https:\/\/www.europesays.com\/pt\/wp-json\/wp\/v2\/media\/168019"}],"wp:attachment":[{"href":"https:\/\/www.europesays.com\/pt\/wp-json\/wp\/v2\/media?parent=168018"}],"wp:term":[{"taxonomy":"category","embeddable":true,"href":"https:\/\/www.europesays.com\/pt\/wp-json\/wp\/v2\/categories?post=168018"},{"taxonomy":"post_tag","embeddable":true,"href":"https:\/\/www.europesays.com\/pt\/wp-json\/wp\/v2\/tags?post=168018"}],"curies":[{"name":"wp","href":"https:\/\/api.w.org\/{rel}","templated":true}]}}