{"id":168040,"date":"2025-11-28T10:17:12","date_gmt":"2025-11-28T10:17:12","guid":{"rendered":"https:\/\/www.europesays.com\/pt\/168040\/"},"modified":"2025-11-28T10:17:12","modified_gmt":"2025-11-28T10:17:12","slug":"washington-morreu-um-dos-militares-atingidos-em-tiroteio-observador","status":"publish","type":"post","link":"https:\/\/www.europesays.com\/pt\/168040\/","title":{"rendered":"Washington. Morreu um dos militares atingidos em tiroteio \u2013 Observador"},"content":{"rendered":"<p>As autoridades norte-americanas identificaram o alegado autor do ataque contra dois membros da Guarda Nacional em Washington D.C., na quarta-feira. Segundo a imprensa norte-americana, que cita fontes das for\u00e7as de seguran\u00e7a, o suspeito \u00e9 <strong>Rahmanullah Lakanwal<\/strong>, um cidad\u00e3o afeg\u00e3o de 29 anos que entrou nos Estados Unidos em 2021. J\u00e1 nesta quinta-feira, <a href=\"https:\/\/www.foxnews.com\/politics\/alleged-national-guard-shooter-worked-us-government-entities-afghanistan-including-cia-ratcliffe\" rel=\"nofollow noopener\" target=\"_blank\">segundo not\u00edcia da Fox News<\/a>, foi revelado que o suspeito \u00e9 algu\u00e9m que, no passado, <strong>trabalhou com v\u00e1rias ag\u00eancias norte-americanas, incluindo a CIA<\/strong>.<\/p>\n<p>Antes de ser revelada a identidade, o atacante foi descrito como um \u201catirador solit\u00e1rio\u201d pela presidente da C\u00e2mara de Washington, Muriel Bowser, que acrescentou que o ataque contra os membros da Guarda Nacional foi direcionado. O incidente ocorreu numa esta\u00e7\u00e3o de metro situada a cerca de 500 metros da Casa Branca, e os soldados estavam armados no momento do ataque.<\/p>\n<p>Lakanwal est\u00e1 sob cust\u00f3dia com v\u00e1rios ferimentos de bala e n\u00e3o parece correr risco de vida, disse \u00e0 Associated Press (AP) um agente, que pediu para n\u00e3o ser identificado, por n\u00e3o estar autorizado a falar sobre o assunto.<\/p>\n<p>A Fox News revelou, nesta quinta-feira, que Lakanwal tinha uma rela\u00e7\u00e3o com v\u00e1rias entidades p\u00fablicas dos EUA, incluindo a CIA, pelo facto de ter trabalhado como membro de uma for\u00e7a militar parceira dos EUA em Kandahar, uma cidade (e uma regi\u00e3o) do Afeganist\u00e3o.<\/p>\n<p>A not\u00edcia citava fontes dos servi\u00e7os secretos, mas foi confirmada pelo diretor da CIA, John Ratcliffe. \u201cNa sequ\u00eancia da desastrosa retirada das tropas norte-americanas do Afeganist\u00e3o promovida por Biden, o Governo de Biden justificou a vinda do alegado atirador aos Estados Unidos em setembro de 2021 devido ao seu trabalho anterior com o governo norte-americano, incluindo a CIA, como membro de uma for\u00e7a parceira em Kandahar, que terminou pouco depois da ca\u00f3tica evacua\u00e7\u00e3o\u201d, disse Ratcliffe\u00a0\u00e0 Fox News Digital.<\/p>\n<p>\u201cEste indiv\u00edduo \u2014 e tantos outros \u2014 nunca deveriam ter tido permiss\u00e3o para vir para aqui\u201d, continuou Ratcliffe. \u201cOs nossos cidad\u00e3os e militares merecem muito mais do que suportar as consequ\u00eancias dos fracassos catastr\u00f3ficos do governo de Biden\u201d, rematou.<\/p>\n<p>Inicialmente, a secret\u00e1ria da Seguran\u00e7a Interna norte-americana tinha indicado que o suspeito chegara aos EUA a 8 de setembro de 2021 ao abrigo de um programa da anterior administra\u00e7\u00e3o.<\/p>\n<p>\u201cO suspeito que disparou contra os nossos bravos membros da Guarda Nacional \u00e9 um cidad\u00e3o afeg\u00e3o que foi um dos muitos imigrantes n\u00e3o verificados que entraram nos Estados Unidos em regime de liberdade condicional em massa, no \u00e2mbito da Opera\u00e7\u00e3o Allies Welcome\u201d, <a href=\"https:\/\/x.com\/Sec_Noem\/status\/1993867792190238790\" target=\"_blank\" rel=\"noopener nofollow\">escreveu na rede social X<\/a>.<\/p>\n<blockquote class=\"twitter-tweet\" data-width=\"500\" data-dnt=\"true\">\n<p lang=\"en\" dir=\"ltr\">The suspect who shot our brave National Guardsmen is an Afghan national who was one of the many unvetted, mass paroled into the United States under Operation Allies Welcome on September 8, 2021, under the Biden Administration. <\/p>\n<p>I will not utter this depraved individual\u2019s name.\u2026<\/p>\n<p>\u2014 Secretary Kristi Noem (@Sec_Noem) <a href=\"https:\/\/twitter.com\/Sec_Noem\/status\/1993867792190238790?ref_src=twsrc%5Etfw\" rel=\"nofollow noopener\" target=\"_blank\">November 27, 2025<\/a><\/p>\n<\/blockquote>\n<p>O programa foi criado pela administra\u00e7\u00e3o do ex-Presidente Joe Biden depois dos talib\u00e3s regressarem ao poder e da sa\u00edda norte-americana da regi\u00e3o. Permitia, <a href=\"https:\/\/www.nytimes.com\/2025\/11\/26\/us\/operation-allies-welcome-dc-shooting.html\" target=\"_blank\" rel=\"noopener nofollow\">de acordo com o New York Times<\/a>, que cidad\u00e3os afeg\u00e3os vulner\u00e1veis entrassem e ficassem no pa\u00eds por um per\u00edodo de dois anos. N\u00e3o conferia, no entanto, um estatuto de imigra\u00e7\u00e3o permanente, pelo que os indiv\u00edduos tinham de pedir estatutos como o de asilo para permanecer no territ\u00f3rio.<\/p>\n<p>Sarah Beckstrom, membro da Guarda Nacional baleada no ataque, morreu devido aos ferimentos, anunciou Donald Trump esta quinta-feira. J\u00e1 Wolfe, disse o Presidente dos EUA, est\u00e1 em \u201cmuito mau estado\u201d mas que estava a \u201clutar pela vida\u201d.<\/p>\n<p>O l\u00edder fez o an\u00fancio numa declara\u00e7\u00e3o na resid\u00eancia de Mar-a-Lago, na Florida, dizendo que Beckstrom era \u201caltamente respeitada\u201d, e \u201cpessoa magn\u00edfica\u201d e \u201cexcecional em todos os aspetos\u201d.<\/p>\n<blockquote class=\"twitter-tweet\" data-width=\"500\" data-dnt=\"true\">\n<p lang=\"en\" dir=\"ltr\">???? BREAKING: West Virginia National Guard member Sarah Beckstrom just passed away, at 20 years old, due to gunshot injuries from the Afghan shooter \u2013 President Trump<\/p>\n<p>????????????<\/p>\n<p>&#8220;She&#8217;s no longer with us.&#8221;<\/p>\n<p>&#8220;This just happened.&#8221;<\/p>\n<p>&#8220;She was savagely attacked. She&#8217;s dead.&#8221; <a href=\"https:\/\/t.co\/21d4mA6UpT\" rel=\"nofollow\">pic.twitter.com\/21d4mA6UpT<\/a><\/p>\n<p>\u2014 Eric Daugherty (@EricLDaugh) <a href=\"https:\/\/twitter.com\/EricLDaugh\/status\/1994188162898297063?ref_src=twsrc%5Etfw\" rel=\"nofollow noopener\" target=\"_blank\">November 27, 2025<\/a><\/p>\n<\/blockquote>\n<p>A morte de Beckstrom foi confirmada tamb\u00e9m por Patrick Morrisey, governador do seu estado de origem, a Virg\u00ednia Ocidental. \u201c<strong>Este n\u00e3o \u00e9 o resultado que esper\u00e1vamos, mas \u00e9 o resultado que todos tem\u00edamos<\/strong>\u201c, escreveu na rede social X.<\/p>\n<p>\u201cSarah serviu com coragem, determina\u00e7\u00e3o extraordin\u00e1ria e um senso inabal\u00e1vel de dever para com o seu estado e a sua na\u00e7\u00e3o. Ela respondeu ao chamado para servir, avan\u00e7ou voluntariamente e cumpriu a sua miss\u00e3o com a for\u00e7a e o car\u00e1ter que definem o que h\u00e1 de melhor na Guarda Nacional da Virg\u00ednia Ocidental\u201d, acrescentou.<\/p>\n<blockquote class=\"twitter-tweet\" data-width=\"500\" data-dnt=\"true\">\n<p lang=\"en\" dir=\"ltr\">A few moments ago, Specialist Sarah Beckstrom passed away from the injuries sustained during yesterday\u2019s horrific shooting. This is not the result we hoped for, but it is the result we all feared.<\/p>\n<p>Sarah served with courage, extraordinary resolve, and an unwavering sense of duty\u2026<\/p>\n<p>\u2014 Governor Patrick Morrisey (@wvgovernor) <a href=\"https:\/\/twitter.com\/wvgovernor\/status\/1994190215070601417?ref_src=twsrc%5Etfw\" rel=\"nofollow noopener\" target=\"_blank\">November 27, 2025<\/a><\/p>\n<\/blockquote>\n<p>Um dos membros tinha sido baleado na cabe\u00e7a, de acordo com uma pessoa familiarizada com os detalhes do ataque e que tamb\u00e9m falou \u00e0 AP sob a condi\u00e7\u00e3o de anonimato.<\/p>\n<p>O governador da Virg\u00ednia Ocidental, estado a que pertencem os soldados, disse, inicialmente, que ambos tinham morrido, mas depois voltou atr\u00e1s e afirmou que o gabinete estava a \u201creceber relatos contradit\u00f3rios sobre o seu estado\u201d. Entretanto, o diretor do FBI, Kash Patel, afirmou que as v\u00edtimas se encontram hospitalizadas em estado cr\u00edtico.<\/p>\n<p>O Presidente norte-americano, Donald Trump, prometeu que o respons\u00e1vel pelo tiroteio vai \u201cpagar um pre\u00e7o muito alto\u201d. \u201cO animal que alvejou os dois membros da Guarda Nacional, ambos gravemente feridos e agora em hospitais diferentes, tamb\u00e9m est\u00e1 gravemente ferido, mas, apesar de tudo, vai pagar um pre\u00e7o muito elevado\u201d, podia ler-se na declara\u00e7\u00e3o do l\u00edder republicano na rede social, Truth Social.<\/p>\n<p>\u201cDeus aben\u00e7oe a nossa grande Guarda Nacional e todos os nossos militares e pol\u00edcias. Estas s\u00e3o pessoas verdadeiramente extraordin\u00e1rias. Eu, como Presidente dos Estados Unidos, e todos os associados ao Gabinete da Presid\u00eancia, estamos convosco\u201d, frisou Trump.<\/p>\n<p>\u201cPrecisamos de reexaminar cada alien [imigrante ilegal] que entrou no nosso pa\u00eds vindo do Afeganist\u00e3o e tomar todas as medidas necess\u00e1rias para garantir a deporta\u00e7\u00e3o de qualquer alien de qualquer pa\u00eds que n\u00e3o perten\u00e7a a este lugar ou n\u00e3o traga benef\u00edcios ao nosso pa\u00eds\u201d, disse ainda o Presidente <a href=\"https:\/\/truthsocial.com\/@realDonaldTrump\/posts\/115619278155546502\" target=\"_blank\" rel=\"noopener nofollow\">numa declara\u00e7\u00e3o posterior em v\u00eddeo gravada a partir de Mar-a-Lago, na Florida<\/a>.<\/p>\n<p>Os Servi\u00e7os de Cidadania e Imigra\u00e7\u00e3o dos Estados Unidos suspenderam, entretanto, os pedidos de imigra\u00e7\u00e3o de afeg\u00e3os. Todos os processos de asilo v\u00e3o permanecer suspensos \u201cenquanto se aguarda uma nova revis\u00e3o dos protocolos de seguran\u00e7a e verifica\u00e7\u00e3o de antecedentes\u201d. Segundo o NYT, esta pausa vai afetar os cidad\u00e3os afeg\u00e3os que trabalharam para o Governo norte-americano ou para as for\u00e7as da NATO durante o conflito no Afeganist\u00e3o.<\/p>\n<blockquote class=\"wp-embedded-content\" data-secret=\"9QCry3xFES\">\n<p><a href=\"https:\/\/observador.pt\/2025\/11\/27\/eua-suspendem-pedidos-de-imigracao-de-afegaos-apos-ataque-a-guarda-nacional\/\" rel=\"nofollow noopener\" target=\"_blank\">EUA suspendem pedidos de imigra\u00e7\u00e3o de afeg\u00e3os ap\u00f3s ataque \u00e0 Guarda Nacional<\/a><\/p>\n<\/blockquote>\n<p>A Guarda Nacional tem estado no centro de uma disputa pol\u00edtica e legal desde que Donald Trump ordenou o destacamento em Washington D.C. e noutras cidades, alegando preocupa\u00e7\u00f5es de seguran\u00e7a, uma medida que um tribunal da capital rejeitou por exceder os poderes presidenciais.<\/p>\n<p>Na quarta-feira, a Administra\u00e7\u00e3o Trump apresentou uma mo\u00e7\u00e3o de emerg\u00eancia para recorrer desta decis\u00e3o e impedir que os membros do organismo sejam retirados de Washington a 11 de dezembro, data limite estabelecida pelo tribunal.<\/p>\n<p>Atualizado \u00e0 00h15 com a informa\u00e7\u00e3o da morte de um dos membros da Guarda Nacional<\/p>\n<p>            <script async src=\"https:\/\/platform.twitter.com\/widgets.js\" charset=\"utf-8\"><\/script><\/p>\n","protected":false},"excerpt":{"rendered":"As autoridades norte-americanas identificaram o alegado autor do ataque contra dois membros da Guarda Nacional em Washington D.C.,&hellip;\n","protected":false},"author":2,"featured_media":167279,"comment_status":"","ping_status":"","sticky":false,"template":"","format":"standard","meta":{"footnotes":""},"categories":[50],"tags":[624,27,28,604,623,15,16,14,25,26,21,22,62,12,13,19,20,4497,23,24,58,17,18,29,30,31,63,64,65],"class_list":{"0":"post-168040","1":"post","2":"type-post","3":"status-publish","4":"format-standard","5":"has-post-thumbnail","7":"category-mundo","8":"tag-amu00e9rica","9":"tag-breaking-news","10":"tag-breakingnews","11":"tag-crime","12":"tag-estados-unidos-da-amu00e9rica","13":"tag-featured-news","14":"tag-featurednews","15":"tag-headlines","16":"tag-latest-news","17":"tag-latestnews","18":"tag-main-news","19":"tag-mainnews","20":"tag-mundo","21":"tag-news","22":"tag-noticias","23":"tag-noticias-principais","24":"tag-noticiasprincipais","25":"tag-presidente-trump","26":"tag-principais-noticias","27":"tag-principaisnoticias","28":"tag-sociedade","29":"tag-top-stories","30":"tag-topstories","31":"tag-ultimas","32":"tag-ultimas-noticias","33":"tag-ultimasnoticias","34":"tag-world","35":"tag-world-news","36":"tag-worldnews"},"share_on_mastodon":{"url":"https:\/\/pubeurope.com\/@pt\/115626812569341995","error":""},"_links":{"self":[{"href":"https:\/\/www.europesays.com\/pt\/wp-json\/wp\/v2\/posts\/168040","targetHints":{"allow":["GET"]}}],"collection":[{"href":"https:\/\/www.europesays.com\/pt\/wp-json\/wp\/v2\/posts"}],"about":[{"href":"https:\/\/www.europesays.com\/pt\/wp-json\/wp\/v2\/types\/post"}],"author":[{"embeddable":true,"href":"https:\/\/www.europesays.com\/pt\/wp-json\/wp\/v2\/users\/2"}],"replies":[{"embeddable":true,"href":"https:\/\/www.europesays.com\/pt\/wp-json\/wp\/v2\/comments?post=168040"}],"version-history":[{"count":0,"href":"https:\/\/www.europesays.com\/pt\/wp-json\/wp\/v2\/posts\/168040\/revisions"}],"wp:featuredmedia":[{"embeddable":true,"href":"https:\/\/www.europesays.com\/pt\/wp-json\/wp\/v2\/media\/167279"}],"wp:attachment":[{"href":"https:\/\/www.europesays.com\/pt\/wp-json\/wp\/v2\/media?parent=168040"}],"wp:term":[{"taxonomy":"category","embeddable":true,"href":"https:\/\/www.europesays.com\/pt\/wp-json\/wp\/v2\/categories?post=168040"},{"taxonomy":"post_tag","embeddable":true,"href":"https:\/\/www.europesays.com\/pt\/wp-json\/wp\/v2\/tags?post=168040"}],"curies":[{"name":"wp","href":"https:\/\/api.w.org\/{rel}","templated":true}]}}