{"id":168051,"date":"2025-11-28T10:30:09","date_gmt":"2025-11-28T10:30:09","guid":{"rendered":"https:\/\/www.europesays.com\/pt\/168051\/"},"modified":"2025-11-28T10:30:09","modified_gmt":"2025-11-28T10:30:09","slug":"ivete-sangalo-e-daniel-cady-separam-se-apos-17-anos-de-casamento","status":"publish","type":"post","link":"https:\/\/www.europesays.com\/pt\/168051\/","title":{"rendered":"Ivete Sangalo e Daniel Cady separam-se ap\u00f3s 17 anos de casamento"},"content":{"rendered":"<p data-remotead-prev-elm=\"true\" data-remotead-elm-id=\"inread\">O an\u00fancio apanhou os f\u00e3s de surpresa. Na noite de quinta-feira, Ivete Sangalo e Daniel Cady revelaram que decidiram seguir caminhos diferentes, ap\u00f3s 17 anos de uni\u00e3o. A mensagem, partilhada nas redes sociais, evidencia o cuidado e o afeto que continuam a unir a fam\u00edlia.<\/p>\n<p>&#8220;Com muito respeito pela nossa hist\u00f3ria e pela fam\u00edlia que constru\u00edmos, decidimos, de forma conjunta e madura, seguir caminhos diferentes&#8221;, escreveram no comunicado. Afirmam ainda estar certos de que esta \u00e9 &#8220;a decis\u00e3o mais coerente e amorosa&#8221;.<\/p>\n<p>A artista e o nutricionista refor\u00e7am que o processo est\u00e1 a ser vivido com serenidade, di\u00e1logo e profundo respeito por tudo o que constru\u00edram juntos. Pedem agora respeito e discri\u00e7\u00e3o para que a transi\u00e7\u00e3o aconte\u00e7a sem sobressaltos. &#8220;Seguimos unidos no que realmente importa: preservar o nosso afeto e o bem-estar dos nossos filhos&#8221;, sublinharam.<\/p>\n<p>Fam\u00edlia, sempre<\/p>\n<p data-remotead-prev-elm=\"true\" data-remotead-elm-id=\"centro1\">Ivete, de 53 anos, e Daniel, de 40, conheceram-se em 2008 e casaram-se tr\u00eas anos depois. Da rela\u00e7\u00e3o nasceram Marcelo, de 16 anos, e as g\u00e9meas Marina e Helena, de 7. Os tr\u00eas sempre fizeram parte do dia a dia da cantora, seja nos bastidores ou em momentos marcantes em palco.<\/p>\n<p>O casal garante que o fim do casamento n\u00e3o apaga a liga\u00e7\u00e3o familiar. &#8220;Temos uma trajet\u00f3ria de que nos orgulhamos, cheia de amor, e seguiremos sempre a ser uma fam\u00edlia&#8221;, sublinham.<\/p>\n<p>Nas redes sociais, a rea\u00e7\u00e3o de Marcelo, o filho mais velho, destacou-se entre milhares de coment\u00e1rios. O adolescente colocou &#8220;gosto&#8221; na publica\u00e7\u00e3o dos pais, gesto interpretado por muitos como sinal de apoio e maturidade perante esta nova fase.<\/p>\n<p>A fam\u00edlia esteve reunida recentemente no Rio de Janeiro para a grava\u00e7\u00e3o do especial &#8220;Ivete Clareou&#8221;, prova de que a proximidade permanece, ainda que com novos contornos.<\/p>\n","protected":false},"excerpt":{"rendered":"O an\u00fancio apanhou os f\u00e3s de surpresa. Na noite de quinta-feira, Ivete Sangalo e Daniel Cady revelaram que&hellip;\n","protected":false},"author":2,"featured_media":168052,"comment_status":"","ping_status":"","sticky":false,"template":"","format":"standard","meta":{"footnotes":""},"categories":[85],"tags":[726,1640,1979,114,115,981,9290,32,33,1509],"class_list":{"0":"post-168051","1":"post","2":"type-post","3":"status-publish","4":"format-standard","5":"has-post-thumbnail","7":"category-entretenimento","8":"tag-brasil","9":"tag-cantora","10":"tag-divorcio","11":"tag-entertainment","12":"tag-entretenimento","13":"tag-familia","14":"tag-ivete-sangalo","15":"tag-portugal","16":"tag-pt","17":"tag-separacao"},"share_on_mastodon":{"url":"https:\/\/pubeurope.com\/@pt\/115626864876369941","error":""},"_links":{"self":[{"href":"https:\/\/www.europesays.com\/pt\/wp-json\/wp\/v2\/posts\/168051","targetHints":{"allow":["GET"]}}],"collection":[{"href":"https:\/\/www.europesays.com\/pt\/wp-json\/wp\/v2\/posts"}],"about":[{"href":"https:\/\/www.europesays.com\/pt\/wp-json\/wp\/v2\/types\/post"}],"author":[{"embeddable":true,"href":"https:\/\/www.europesays.com\/pt\/wp-json\/wp\/v2\/users\/2"}],"replies":[{"embeddable":true,"href":"https:\/\/www.europesays.com\/pt\/wp-json\/wp\/v2\/comments?post=168051"}],"version-history":[{"count":0,"href":"https:\/\/www.europesays.com\/pt\/wp-json\/wp\/v2\/posts\/168051\/revisions"}],"wp:featuredmedia":[{"embeddable":true,"href":"https:\/\/www.europesays.com\/pt\/wp-json\/wp\/v2\/media\/168052"}],"wp:attachment":[{"href":"https:\/\/www.europesays.com\/pt\/wp-json\/wp\/v2\/media?parent=168051"}],"wp:term":[{"taxonomy":"category","embeddable":true,"href":"https:\/\/www.europesays.com\/pt\/wp-json\/wp\/v2\/categories?post=168051"},{"taxonomy":"post_tag","embeddable":true,"href":"https:\/\/www.europesays.com\/pt\/wp-json\/wp\/v2\/tags?post=168051"}],"curies":[{"name":"wp","href":"https:\/\/api.w.org\/{rel}","templated":true}]}}