{"id":168061,"date":"2025-11-28T10:36:15","date_gmt":"2025-11-28T10:36:15","guid":{"rendered":"https:\/\/www.europesays.com\/pt\/168061\/"},"modified":"2025-11-28T10:36:15","modified_gmt":"2025-11-28T10:36:15","slug":"betty-grafstein-completa-97-anos-veja-a-incrivel-galeria","status":"publish","type":"post","link":"https:\/\/www.europesays.com\/pt\/168061\/","title":{"rendered":"Betty Grafstein &#8211; Completa 97 anos! Veja a incr\u00edvel galeria"},"content":{"rendered":"<p><strong>Betty Grafstein<\/strong> assinala esta quarta-feira, 26 de novembro, <strong>o seu 97.\u00ba anivers\u00e1rio<\/strong>. A data chega num momento particularmente medi\u00e1tico da vida da socialite, que continua internada nos Estados Unidos e a <a href=\"https:\/\/www.novagente.pt\/betty-grafstein-exige-divorcio-por-ter-sido-sujeita-suas-agressoes-toda-hora-video\" rel=\"nofollow noopener\" target=\"_blank\">pedir o div\u00f3rcio de Castelo Branco.<\/a><\/p>\n<p>A empres\u00e1ria norte-americana, conhecida pelo seu estilo e pelas\u00a0j\u00f3ias exuberantes e trajet\u00f3ria marcada pelo glamour, tornou-se uma figura incontorn\u00e1vel para v\u00e1rias gera\u00e7\u00f5es de portugueses. A rela\u00e7\u00e3o longa\u00a0com Jos\u00e9 Castelo Branco contribuiu para esse destaque.<\/p>\n<p>Veja a galeria e contemple a evolu\u00e7\u00e3o do estilo de Betty Grafstein<\/p>\n<p>Texto; Tiago Miguel Sim\u00f5es; Fotos: Impala<\/p>\n<p class=\"intagram-text\">Siga a Nova Gente no Instagram<\/p>\n<p>                        <a href=\"https:\/\/www.instagram.com\/revistanovagente\/\" target=\"_blank\" aria-label=\"instagram\" rel=\"noopener nofollow\"><img decoding=\"async\" style=\"display: block; margin-left: auto; margin-right: auto; width: 250px; height: 83px;\" src=\"https:\/\/www.europesays.com\/pt\/wp-content\/uploads\/2025\/11\/Instagram_NG.png\" alt=\"instagram\"\/><\/a><br \/>\n                    <script async src=\"\/\/www.instagram.com\/embed.js\"><\/script><\/p>\n","protected":false},"excerpt":{"rendered":"Betty Grafstein assinala esta quarta-feira, 26 de novembro, o seu 97.\u00ba anivers\u00e1rio. A data chega num momento particularmente&hellip;\n","protected":false},"author":2,"featured_media":168062,"comment_status":"","ping_status":"","sticky":false,"template":"","format":"standard","meta":{"footnotes":""},"categories":[145],"tags":[996,3298,2947,211,210,114,115,32,33],"class_list":{"0":"post-168061","1":"post","2":"type-post","3":"status-publish","4":"format-standard","5":"has-post-thumbnail","7":"category-celebridades","8":"tag-aniversario","9":"tag-betty-grafstein","10":"tag-castelo-branco","11":"tag-celebridades","12":"tag-celebrities","13":"tag-entertainment","14":"tag-entretenimento","15":"tag-portugal","16":"tag-pt"},"share_on_mastodon":{"url":"https:\/\/pubeurope.com\/@pt\/115626887565758138","error":""},"_links":{"self":[{"href":"https:\/\/www.europesays.com\/pt\/wp-json\/wp\/v2\/posts\/168061","targetHints":{"allow":["GET"]}}],"collection":[{"href":"https:\/\/www.europesays.com\/pt\/wp-json\/wp\/v2\/posts"}],"about":[{"href":"https:\/\/www.europesays.com\/pt\/wp-json\/wp\/v2\/types\/post"}],"author":[{"embeddable":true,"href":"https:\/\/www.europesays.com\/pt\/wp-json\/wp\/v2\/users\/2"}],"replies":[{"embeddable":true,"href":"https:\/\/www.europesays.com\/pt\/wp-json\/wp\/v2\/comments?post=168061"}],"version-history":[{"count":0,"href":"https:\/\/www.europesays.com\/pt\/wp-json\/wp\/v2\/posts\/168061\/revisions"}],"wp:featuredmedia":[{"embeddable":true,"href":"https:\/\/www.europesays.com\/pt\/wp-json\/wp\/v2\/media\/168062"}],"wp:attachment":[{"href":"https:\/\/www.europesays.com\/pt\/wp-json\/wp\/v2\/media?parent=168061"}],"wp:term":[{"taxonomy":"category","embeddable":true,"href":"https:\/\/www.europesays.com\/pt\/wp-json\/wp\/v2\/categories?post=168061"},{"taxonomy":"post_tag","embeddable":true,"href":"https:\/\/www.europesays.com\/pt\/wp-json\/wp\/v2\/tags?post=168061"}],"curies":[{"name":"wp","href":"https:\/\/api.w.org\/{rel}","templated":true}]}}