{"id":168103,"date":"2025-11-28T11:10:27","date_gmt":"2025-11-28T11:10:27","guid":{"rendered":"https:\/\/www.europesays.com\/pt\/168103\/"},"modified":"2025-11-28T11:10:27","modified_gmt":"2025-11-28T11:10:27","slug":"stranger-things-vecna-foi-inspirado-em-personagem-classico-dos-filmes-de-terror","status":"publish","type":"post","link":"https:\/\/www.europesays.com\/pt\/168103\/","title":{"rendered":"Stranger Things: Vecna foi inspirado em personagem cl\u00e1ssico dos filmes de terror"},"content":{"rendered":"<p>A primeira parte da quinta e \u00faltima temporada de <a href=\"https:\/\/aventurasnahistoria.com.br\/tags\/stranger-things\" rel=\"nofollow noopener\" target=\"_blank\">Stranger Things<\/a> estreou no cat\u00e1logo da <a href=\"https:\/\/aventurasnahistoria.com.br\/tags\/netflix\" rel=\"nofollow noopener\" target=\"_blank\">Netflix<\/a> na noite de ontem, 27.\u00a0<\/p>\n<p>Neste \u00faltimo ano da s\u00e9rie, os protagonistas ter\u00e3o que lidar de uma vez por todas com Vecna, o vil\u00e3o mais intenso que vem aterrorizando Hawkins h\u00e1 duas temporadas.\u00a0<\/p>\n<p>O que poucos sabem, por\u00e9m, \u00e9 que Vecna \u00e9 inspirado em um personagem cl\u00e1ssico de terror \u2014 e n\u00e3o \u00e9 o Freddy Krueger. Confira!<\/p>\n<p><strong>ATEN\u00c7\u00c3O: O texto a seguir cont\u00e9m pequenos spoilers da \u00faltima temporada de Stranger Things<\/strong><\/p>\n<p><a href=\"https:\/\/aventurasnahistoria.com.br\/noticias\/almanaque\/stranger-things-5-teorias-levantadas-pelos-fas-da-serie.phtml\" rel=\"nofollow noopener\" target=\"_blank\">++ Stranger Things: 5 teorias levantadas pelos f\u00e3s da s\u00e9rie<\/a><\/p>\n<p> Vecna <\/p>\n<p>Vecna \u00e9 apresentado na quarta temporada de Stranger Things, quando \u200bcome\u00e7a a matar pessoas aparentemente aleat\u00f3rias em Hawkins com uma combina\u00e7\u00e3o de vis\u00f5es horripilantes e poderes telecin\u00e9ticos brutais.\u00a0<\/p>\n<p>Ao longo da trama, descobrimos que o vil\u00e3o \u00e9, na verdade, Henry Creel \u2014 uma das crian\u00e7as que serviram de experimento para o Dr. Brenner \u2014, o respons\u00e1vel por todos os ataques do Mundo Invertido \u00e0 cidade, ap\u00f3s ter sido enviado para l\u00e1 por Eleven anos antes.<\/p>\n<p>\t A 5\u00aa temporada <\/p>\n<p>Neste novo ano da s\u00e9rie, o ator <strong>Jamie Campbell Bower<\/strong> retorna para viver Vecna e Henry. Logo no primeiro epis\u00f3dio, Henry aparece como amigo imagin\u00e1rio de Holly (<strong>Nell Fisher<\/strong>) \u2014 irm\u00e3 de Mike (<strong>Finn Wolfhard<\/strong>) e Nancy (<strong>Natalia Dyer<\/strong>).\u00a0<\/p>\n<p>Vecna, que recuperou seus poderes, tenta atrair crian\u00e7as para seu plano de domina\u00e7\u00e3o. No final da primeira temporada, \u00e9 revelado que ele pretende conectar um certo n\u00famero de crian\u00e7as \u00e0 sua mente coletiva para come\u00e7ar a transformar o mundo real no Mundo Invertido.<\/p>\n<p> <img loading=\"lazy\" decoding=\"async\" class=\"size-full wp-image-213341 img-fluid lazy\" alt=\"\" width=\"1280\" height=\"640\" src=\"https:\/\/www.europesays.com\/pt\/wp-content\/uploads\/2025\/11\/StrangerThings_S5_0201_R-1.jpg\"  \/>Vecna, o vil\u00e3o de Stranger Things \u2013 Netflix <\/p>\n<p>Em entrevista ao ScreenRant, <strong>Bower<\/strong> falou sobre a volta de seu personagem e relembrou o livro de conceitos original que criou para Vecna \u200b\u200be como seu vil\u00e3o evoluiu desde que come\u00e7ou a interpret\u00e1-lo.<\/p>\n<p>\t Inspira\u00e7\u00f5es <\/p>\n<p>No bate-papo, o ator explicou que, quando fez o teste para a s\u00e9rie, recebeu dois conjuntos de roteiros: o primeiro era da adapta\u00e7\u00e3o de <strong>Hellraiser<\/strong>, de Clive Barker; e o outro de As Duas Faces de Um Crime, estrelado por <strong>Richard Gere<\/strong> e <strong>Edward Norton<\/strong>.<\/p>\n<blockquote>\n<p>Ent\u00e3o me deram alguns roteiros provis\u00f3rios para a s\u00e9rie e me perguntaram se eu queria conhecer o Matt e o Ross. Foi quando comecei a fazer uma pasta, que come\u00e7ou com o Will Byers no meio e foi se expandindo a partir da\u00ed. Um pouco de Stranger Things aqui e ali, e depois come\u00e7ou a incluir outros \u00edcones do terror que conhecemos e amamos\u201d.<\/p>\n<\/blockquote>\n<p>Brincando que esse n\u00edvel de prepara\u00e7\u00e3o ocorreu \u201d antes mesmo de eu saber quem era o personagem \u201d e sendo baseado em \u201capenas duas p\u00e1ginas de texto\u201d, <strong>Bower<\/strong> ainda levou o livro de conceitos para seu primeiro encontro com os irm\u00e3os Duffer.\u00a0<\/p>\n<p>J\u00e1 sobre a cria\u00e7\u00e3o da voz peculiar de Vecna, <strong>Jamie<\/strong> surpreendentemente revelou que cri\u00e1-la \u00e9 \u201d na verdade mais relaxante do que estressante \u201c, dada a sua rouquid\u00e3o.\u00a0<\/p>\n<p>\t <img loading=\"lazy\" decoding=\"async\" class=\"size-full wp-image-213347 img-fluid lazy\" alt=\"\" width=\"1280\" height=\"720\" src=\"https:\/\/www.europesays.com\/pt\/wp-content\/uploads\/2025\/11\/hellraiser.jpg\"  \/>Cena do filme Hellraiser: Renascido do Inferno \u2013 Divulga\u00e7\u00e3o <\/p>\n<p>Ele descreveu o processo de cria\u00e7\u00e3o do tom de voz \u00e1spero da voz de Vecna \u200b\u200bcomo algo que \u201ccome\u00e7ou em um estado de estresse\u201d.\u00a0<\/p>\n<p>O astro de Stranger Things tamb\u00e9m explicou que se algu\u00e9m mant\u00e9m essa postura em rela\u00e7\u00e3o \u00e0 pr\u00f3pria voz, \u201ca laringe se fecha\u201d e \u201ca voz fica assustada\u201d, deixando a pessoa incapaz de \u201cfazer nada\u201d.<\/p>\n<p>Ao explicar o processo de cria\u00e7\u00e3o da voz do Vecna, que o permitiu \u201crespirar melhor\u201d e alcan\u00e7ar notas mais graves, Bower tamb\u00e9m disse: \u201cM\u00e9rito a quem merece, a inspira\u00e7\u00e3o veio de Doug Bradley como Pinhead\u201d, refor\u00e7ando ainda mais a ideia de que, apesar de algumas compara\u00e7\u00f5es com Freddy Krueger, de A Hora do Pesadelo, ele \u00e9, na verdade, baseado no ic\u00f4nico personagem de terror de Barker.<\/p>\n<p>        <a href=\"https:\/\/aventurasnahistoria.com.br\/noticias\/author\/fabio-previdelli\" rel=\"nofollow noopener\" target=\"_blank\">&#13;<br \/>\n          <img loading=\"lazy\" decoding=\"async\" alt=\"Fabio Previdelli\" src=\"https:\/\/www.europesays.com\/pt\/wp-content\/uploads\/2025\/10\/1704807017974.jpg\" class=\"avatar avatar-115 photo rounded-circle\" height=\"115\" width=\"115\"\/>        <\/a><\/p>\n<p>Jornalista de forma\u00e7\u00e3o, curioso de nascen\u00e7a, escrevo desde eventos hist\u00f3ricos at\u00e9 personagens \u00fanicos e inspiradores. Entusiasta por entender a sociedade atrav\u00e9s do esporte. Vez ou outra voc\u00ea tamb\u00e9m pode me achar no impresso!<\/p>\n","protected":false},"excerpt":{"rendered":"A primeira parte da quinta e \u00faltima temporada de Stranger Things estreou no cat\u00e1logo da Netflix na noite&hellip;\n","protected":false},"author":2,"featured_media":168104,"comment_status":"","ping_status":"","sticky":false,"template":"","format":"standard","meta":{"footnotes":""},"categories":[140],"tags":[114,115,147,148,32984,146,716,3821,35324,32,33,1611,1660,35002],"class_list":{"0":"post-168103","1":"post","2":"type-post","3":"status-publish","4":"format-standard","5":"has-post-thumbnail","7":"category-filmes","8":"tag-entertainment","9":"tag-entretenimento","10":"tag-film","11":"tag-filmes","12":"tag-hellraiser","13":"tag-movies","14":"tag-netflix","15":"tag-personagem","16":"tag-pinhead","17":"tag-portugal","18":"tag-pt","19":"tag-stranger-things","20":"tag-terror","21":"tag-vecna"},"share_on_mastodon":{"url":"https:\/\/pubeurope.com\/@pt\/115627021450717925","error":""},"_links":{"self":[{"href":"https:\/\/www.europesays.com\/pt\/wp-json\/wp\/v2\/posts\/168103","targetHints":{"allow":["GET"]}}],"collection":[{"href":"https:\/\/www.europesays.com\/pt\/wp-json\/wp\/v2\/posts"}],"about":[{"href":"https:\/\/www.europesays.com\/pt\/wp-json\/wp\/v2\/types\/post"}],"author":[{"embeddable":true,"href":"https:\/\/www.europesays.com\/pt\/wp-json\/wp\/v2\/users\/2"}],"replies":[{"embeddable":true,"href":"https:\/\/www.europesays.com\/pt\/wp-json\/wp\/v2\/comments?post=168103"}],"version-history":[{"count":0,"href":"https:\/\/www.europesays.com\/pt\/wp-json\/wp\/v2\/posts\/168103\/revisions"}],"wp:featuredmedia":[{"embeddable":true,"href":"https:\/\/www.europesays.com\/pt\/wp-json\/wp\/v2\/media\/168104"}],"wp:attachment":[{"href":"https:\/\/www.europesays.com\/pt\/wp-json\/wp\/v2\/media?parent=168103"}],"wp:term":[{"taxonomy":"category","embeddable":true,"href":"https:\/\/www.europesays.com\/pt\/wp-json\/wp\/v2\/categories?post=168103"},{"taxonomy":"post_tag","embeddable":true,"href":"https:\/\/www.europesays.com\/pt\/wp-json\/wp\/v2\/tags?post=168103"}],"curies":[{"name":"wp","href":"https:\/\/api.w.org\/{rel}","templated":true}]}}