{"id":168108,"date":"2025-11-28T11:14:18","date_gmt":"2025-11-28T11:14:18","guid":{"rendered":"https:\/\/www.europesays.com\/pt\/168108\/"},"modified":"2025-11-28T11:14:18","modified_gmt":"2025-11-28T11:14:18","slug":"adesivo-em-copo-monitora-niveis-de-vitamina-c-pelo-suor","status":"publish","type":"post","link":"https:\/\/www.europesays.com\/pt\/168108\/","title":{"rendered":"Adesivo em copo monitora n\u00edveis de vitamina C pelo suor"},"content":{"rendered":"<p>Adesivo ultrabarato pode facilitar exames em regi\u00f5es de baixa renda e ampliar acesso a diagn\u00f3sticos r\u00e1pidos<\/p>\n<p><img decoding=\"async\" src=\"https:\/\/www.europesays.com\/pt\/wp-content\/uploads\/2025\/11\/copo-adesivo-1920x1080.jpg\" class=\"attachment-banner size-banner\" alt=\"copo-adesivo-1920x1080\" loading=\"eager\" fetchpriority=\"high\" width=\"1920\" height=\"1080\"\/><br \/>\n\t\t\tImagem: Universidade da Calif\u00f3rnia em San Diego<\/p>\n<p>Compartilhe esta mat\u00e9ria<\/p>\n<p class=\"fitec-embcmp\"><a href=\"https:\/\/profile.google.com\/cp\/CgsvZy8xMjFqY2oxMw\" target=\"_blank\" class=\"ftecmp-button\" rel=\"nofollow noopener\">Siga o Olhar Digital no Google Discover<\/a><\/p>\n<p>Medo de exames de sangue, agulhas ou contas m\u00e9dicas altas? A ci\u00eancia pode estar prestes a oferecer uma alternativa mais simples e indolor.<\/p>\n<p>Pesquisadores da Universidade da Calif\u00f3rnia em San Diego desenvolveram o Smart Cup, um pequeno adesivo que fica na parte externa de qualquer copo e mede, pelo suor da ponta dos dedos, os n\u00edveis de <a href=\"https:\/\/olhardigital.com.br\/tag\/vitamina-c\/\" target=\"_blank\" rel=\"noreferrer noopener nofollow\">vitamina C<\/a> do usu\u00e1rio.<\/p>\n<p><img loading=\"lazy\" decoding=\"async\" width=\"800\" height=\"533\" src=\"https:\/\/www.europesays.com\/pt\/wp-content\/uploads\/2025\/11\/image-146.png\" alt=\"\" class=\"wp-image-1223535\"  \/>Tecnologia usa suor das pontas dos dedos para medir vitamina C e pode revolucionar o monitoramento de sa\u00fade \u2013 Imagem: Universidade da Calif\u00f3rnia em San DiegoComo o dispositivo funciona<\/p>\n<ul>\n<li>Diferentemente dos sensores tradicionais, que precisam ficar colados na pele, o Smart Cup funciona de forma discreta, sem bateria e com custo muito baixo.<\/li>\n<li>A plataforma atua como um \u201cminilaborat\u00f3rio\u201d capaz de analisar mudan\u00e7as r\u00e1pidas no organismo \u2014 algo essencial em um mundo onde defici\u00eancias nutricionais ainda afetam milh\u00f5es de pessoas.<\/li>\n<li>Hoje, medir vitamina C requer saliva ou sangue e equipamentos caros, dificultando o monitoramento frequente das oscila\u00e7\u00f5es naturais desse nutriente.<\/li>\n<\/ul>\n<p>Patrick Mercier, professor e coautor do estudo, explica o prop\u00f3sito da inova\u00e7\u00e3o: \u201cQueremos tornar o acesso a dados de sa\u00fade t\u00e3o f\u00e1cil quanto segurar sua x\u00edcara de caf\u00e9 matinal\u201d.<\/p>\n<p><strong>Leia mais<\/strong><\/p>\n<p><img loading=\"lazy\" decoding=\"async\" width=\"800\" height=\"533\" src=\"https:\/\/www.europesays.com\/pt\/wp-content\/uploads\/2025\/11\/image-147.png\" alt=\"\" class=\"wp-image-1223536\"  \/>Adeus agulhas? Novo dispositivo mede vitamina C usando s\u00f3 o suor \u2013 Imagem: Universidade da Calif\u00f3rnia em San DiegoTecnologia barata e testes promissores<\/p>\n<p>Durante os testes, os adesivos foram fixados em copos com suco de laranja e detectaram com precis\u00e3o o aumento de vitamina C ap\u00f3s o consumo da bebida.<\/p>\n<p>O dispositivo usa uma combina\u00e7\u00e3o de hidrogel para captar o suor, uma c\u00e9lula biocombust\u00edvel que gera eletricidade a partir da composi\u00e7\u00e3o qu\u00edmica e um sensor que envia os dados via Bluetooth.<\/p>\n<p>O processo leva apenas alguns minutos e o adesivo funciona por mais de duas horas usando apenas a energia do suor<\/p>\n<p> F\u00e1cil de descartar e produzido por poucos centavos, ele pode representar uma alternativa acess\u00edvel para regi\u00f5es de baixa renda \u2014 especialmente quando comparado ao custo de exames convencionais.<\/p>\n<p>A equipe agora planeja ampliar o monitoramento para outros nutrientes e subst\u00e2ncias. O estudo completo foi publicado na revista <a href=\"https:\/\/www.sciencedirect.com\/science\/article\/abs\/pii\/S0956566325009777\" target=\"_blank\" rel=\"noreferrer noopener nofollow\">Biosensors and Bioelectronics<\/a>.<\/p>\n<p><img loading=\"lazy\" decoding=\"async\" width=\"800\" height=\"534\" src=\"https:\/\/www.europesays.com\/pt\/wp-content\/uploads\/2025\/11\/1764328457_291_image-148.png\" alt=\"\" class=\"wp-image-1223537\"  \/>Ferramenta sem fio e de baixo custo abre caminho para exames mais acess\u00edveis e cont\u00ednuos \u2013 Imagem: Universidade da Calif\u00f3rnia em San Diego<br \/>\n\t\t\t\t\t&#13;<br \/>\n\t\t\t\t\t&#13;<\/p>\n<p>\t\t\t\t\t\t<img decoding=\"async\" src=\"https:\/\/www.europesays.com\/pt\/wp-content\/uploads\/2025\/10\/Leandro-Criscuolo-150x150.jpg\" width=\"150\" height=\"150\" alt=\"Leandro Costa Criscuolo\" loading=\"lazy\"\/><\/p>\n<p>Colabora\u00e7\u00e3o para o Olhar Digital<\/p>\n<p>Leandro Criscuolo \u00e9 jornalista formado pela Faculdade C\u00e1sper L\u00edbero. J\u00e1 atuou como copywriter, analista de marketing digital e gestor de redes sociais. Atualmente, escreve para o Olhar Digital.<\/p>\n<p>\t\t\t\t&#13;<br \/>\n\t\t\t\t\t&#13;<\/p>\n","protected":false},"excerpt":{"rendered":"Adesivo ultrabarato pode facilitar exames em regi\u00f5es de baixa renda e ampliar acesso a diagn\u00f3sticos r\u00e1pidos Imagem: Universidade&hellip;\n","protected":false},"author":2,"featured_media":168109,"comment_status":"","ping_status":"","sticky":false,"template":"","format":"standard","meta":{"footnotes":""},"categories":[84],"tags":[109,107,108,32,33,105,103,104,106,110],"class_list":{"0":"post-168108","1":"post","2":"type-post","3":"status-publish","4":"format-standard","5":"has-post-thumbnail","7":"category-ciencia-e-tecnologia","8":"tag-ciencia","9":"tag-ciencia-e-tecnologia","10":"tag-cienciaetecnologia","11":"tag-portugal","12":"tag-pt","13":"tag-science","14":"tag-science-and-technology","15":"tag-scienceandtechnology","16":"tag-technology","17":"tag-tecnologia"},"share_on_mastodon":{"url":"https:\/\/pubeurope.com\/@pt\/115627037909158522","error":""},"_links":{"self":[{"href":"https:\/\/www.europesays.com\/pt\/wp-json\/wp\/v2\/posts\/168108","targetHints":{"allow":["GET"]}}],"collection":[{"href":"https:\/\/www.europesays.com\/pt\/wp-json\/wp\/v2\/posts"}],"about":[{"href":"https:\/\/www.europesays.com\/pt\/wp-json\/wp\/v2\/types\/post"}],"author":[{"embeddable":true,"href":"https:\/\/www.europesays.com\/pt\/wp-json\/wp\/v2\/users\/2"}],"replies":[{"embeddable":true,"href":"https:\/\/www.europesays.com\/pt\/wp-json\/wp\/v2\/comments?post=168108"}],"version-history":[{"count":0,"href":"https:\/\/www.europesays.com\/pt\/wp-json\/wp\/v2\/posts\/168108\/revisions"}],"wp:featuredmedia":[{"embeddable":true,"href":"https:\/\/www.europesays.com\/pt\/wp-json\/wp\/v2\/media\/168109"}],"wp:attachment":[{"href":"https:\/\/www.europesays.com\/pt\/wp-json\/wp\/v2\/media?parent=168108"}],"wp:term":[{"taxonomy":"category","embeddable":true,"href":"https:\/\/www.europesays.com\/pt\/wp-json\/wp\/v2\/categories?post=168108"},{"taxonomy":"post_tag","embeddable":true,"href":"https:\/\/www.europesays.com\/pt\/wp-json\/wp\/v2\/tags?post=168108"}],"curies":[{"name":"wp","href":"https:\/\/api.w.org\/{rel}","templated":true}]}}