{"id":16811,"date":"2025-08-05T09:26:13","date_gmt":"2025-08-05T09:26:13","guid":{"rendered":"https:\/\/www.europesays.com\/pt\/16811\/"},"modified":"2025-08-05T09:26:13","modified_gmt":"2025-08-05T09:26:13","slug":"spotify-tem-novos-precos-e-portugal-nao-fica-de-fora-observador","status":"publish","type":"post","link":"https:\/\/www.europesays.com\/pt\/16811\/","title":{"rendered":"Spotify tem novos pre\u00e7os e Portugal n\u00e3o fica de fora \u2013 Observador"},"content":{"rendered":"<p>Os pre\u00e7os dos planos do Spotify v\u00e3o ser atualizados em v\u00e1rios mercados e Portugal est\u00e1 inclu\u00eddo. Sem que tenha havido comunica\u00e7\u00f5es espec\u00edficas, a verdade \u00e9 que os novos valores j\u00e1 aparecem no site da plataforma de streaming de m\u00fasica.<\/p>\n<p>Em primeiro lugar, h\u00e1 dois planos que n\u00e3o mexem: o individual mant\u00e9m-se nos 7,99 euros por m\u00eas e o de estudante continua a custar 4,40 euros. Por outro lado, o <strong>duo<\/strong> aumenta de 10,49 para 11,99 euros e passa a haver <strong>dois planos de fam\u00edlia<\/strong>.<\/p>\n<p>At\u00e9 agora havia apenas um que permitia a associa\u00e7\u00e3o de <strong>seis pessoas<\/strong> e que custava 13,99 euros \u2014 e passa para os 16,99 euros. Al\u00e9m disso, o Spotify criou um plano para <strong>quatro pessoas<\/strong>, que fica com um custo de 15,49 euros.<\/p>\n<p>A <a href=\"https:\/\/www.reuters.com\/business\/spotify-raise-premium-subscription-price-select-markets-september-2025-08-04\/\" rel=\"nofollow noopener\" target=\"_blank\">medida em causa foi anunciada esta segunda-feira<\/a>, segundo a Reuters atrav\u00e9s de um comunicado, mas o Spotify n\u00e3o relevou quais os pa\u00edses afetados, pelo que apenas os pre\u00e7os no site permitem confirmar que Portugal est\u00e1 mesmo entre esses pa\u00edses.<\/p>\n<p class=\"p1\"><b>Horas depois do crime, a pol\u00edcia vai encontrar o assassino de Issam Sartawi, o dirigente palestiniano morto no \u00e1trio de um hotel de Albufeira. Mas, tamb\u00e9m vai descobrir que ele n\u00e3o \u00e9 quem diz ser. <\/b><a href=\"https:\/\/observador.pt\/programas\/1983-portugal-queima-roupa\/episodio-2-o-terrorista-do-quarto-507\/\" rel=\"nofollow noopener\" target=\"_blank\"><b>\u201c1983: Portugal \u00e0 Queima-Roupa\u201d<\/b><\/a><b>\u00a0\u00e9 a hist\u00f3ria do ano em que dois grupos terroristas internacionais atacaram em Portugal. Um comando paramilitar tomou de assalto uma embaixada em Lisboa e esta execu\u00e7\u00e3o sum\u00e1ria no Algarve abalou o M\u00e9dio Oriente. \u00c9 narrada pela atriz Victoria Guerra, com banda sonora original dos Linda Martini. Ou\u00e7a\u00a0<\/b><a href=\"https:\/\/observador.pt\/programas\/1983-portugal-queima-roupa\/episodio-2-o-terrorista-do-quarto-507\/\" target=\"_blank\" rel=\"noopener nofollow\"><b>o segundo\u00a0epis\u00f3dio no site do Observador<\/b><\/a><b>, na\u00a0<\/b><a href=\"https:\/\/podcasts.apple.com\/pt\/podcast\/epis%C3%B3dio-2-o-terrorista-do-quarto-507-1983-portugal\/id1826483822?i=1000719550087\" rel=\"nofollow noopener\" target=\"_blank\"><b>Apple Podcasts<\/b><\/a><b>, no\u00a0<\/b><a href=\"https:\/\/open.spotify.com\/episode\/6EXvMJfbfCkTXd4iGuJ5rC?si=0198393f78c54717\" rel=\"nofollow noopener\" target=\"_blank\"><b>Spotify<\/b><\/a><b>\u00a0e no\u00a0<\/b><a href=\"https:\/\/music.youtube.com\/watch?v=MY_EQS3lQVA&amp;si=PLztu9afRzUz4s_c\" rel=\"nofollow noopener\" target=\"_blank\"><b>Youtube Music<\/b><\/a><b>. E ou\u00e7a o primeiro\u00a0<a href=\"https:\/\/observador.pt\/programas\/1983-portugal-queima-roupa\/estreia-1983-portugal-a-queima-roupa-episodio-1-um-corpo-no-lobby-do-hotel\/\" rel=\"nofollow noopener\" target=\"_blank\">aqui<\/a>]<\/b><\/p>\n<p><a href=\"https:\/\/observador.pt\/programas\/1983-portugal-queima-roupa\/episodio-2-o-terrorista-do-quarto-507\/\" rel=\"nofollow noopener\" target=\"_blank\"><\/p>\n<p>        <img src=\"https:\/\/bordalo.observador.pt\/v2\/q:60\/rs:fill:560\/plain\/https:\/\/s3.observador.pt\/wp-content\/uploads\/2025\/07\/22005532\/1983-capa-com-playjpg.jpeg\" alt=\"\" loading=\"lazy\" decoding=\"async\" class=\"alignnone\" onload=\"this.parentElement.classList.remove('spinner')\" onerror=\"this.parentElement.classList.remove('spinner')\" width=\"770\" height=\"433\"\/>    <\/p>\n<p><\/a><\/p>\n","protected":false},"excerpt":{"rendered":"Os pre\u00e7os dos planos do Spotify v\u00e3o ser atualizados em v\u00e1rios mercados e Portugal est\u00e1 inclu\u00eddo. Sem que&hellip;\n","protected":false},"author":2,"featured_media":16812,"comment_status":"","ping_status":"","sticky":false,"template":"","format":"standard","meta":{"footnotes":""},"categories":[83],"tags":[88,315,89,90,339,32,33,4565],"class_list":{"0":"post-16811","1":"post","2":"type-post","3":"status-publish","4":"format-standard","5":"has-post-thumbnail","7":"category-empresas","8":"tag-business","9":"tag-cultura","10":"tag-economy","11":"tag-empresas","12":"tag-mu00fasica","13":"tag-portugal","14":"tag-pt","15":"tag-spotify"},"share_on_mastodon":{"url":"","error":""},"_links":{"self":[{"href":"https:\/\/www.europesays.com\/pt\/wp-json\/wp\/v2\/posts\/16811","targetHints":{"allow":["GET"]}}],"collection":[{"href":"https:\/\/www.europesays.com\/pt\/wp-json\/wp\/v2\/posts"}],"about":[{"href":"https:\/\/www.europesays.com\/pt\/wp-json\/wp\/v2\/types\/post"}],"author":[{"embeddable":true,"href":"https:\/\/www.europesays.com\/pt\/wp-json\/wp\/v2\/users\/2"}],"replies":[{"embeddable":true,"href":"https:\/\/www.europesays.com\/pt\/wp-json\/wp\/v2\/comments?post=16811"}],"version-history":[{"count":0,"href":"https:\/\/www.europesays.com\/pt\/wp-json\/wp\/v2\/posts\/16811\/revisions"}],"wp:featuredmedia":[{"embeddable":true,"href":"https:\/\/www.europesays.com\/pt\/wp-json\/wp\/v2\/media\/16812"}],"wp:attachment":[{"href":"https:\/\/www.europesays.com\/pt\/wp-json\/wp\/v2\/media?parent=16811"}],"wp:term":[{"taxonomy":"category","embeddable":true,"href":"https:\/\/www.europesays.com\/pt\/wp-json\/wp\/v2\/categories?post=16811"},{"taxonomy":"post_tag","embeddable":true,"href":"https:\/\/www.europesays.com\/pt\/wp-json\/wp\/v2\/tags?post=16811"}],"curies":[{"name":"wp","href":"https:\/\/api.w.org\/{rel}","templated":true}]}}