{"id":168110,"date":"2025-11-28T11:17:09","date_gmt":"2025-11-28T11:17:09","guid":{"rendered":"https:\/\/www.europesays.com\/pt\/168110\/"},"modified":"2025-11-28T11:17:09","modified_gmt":"2025-11-28T11:17:09","slug":"buscas-ao-chefe-de-gabinete-de-zelensky-em-investigacao-de-corrupcao-guerra-na-ucrania","status":"publish","type":"post","link":"https:\/\/www.europesays.com\/pt\/168110\/","title":{"rendered":"Buscas ao chefe de gabinete de Zelensky em investiga\u00e7\u00e3o de corrup\u00e7\u00e3o | Guerra na Ucr\u00e2nia"},"content":{"rendered":"<p>As autoridades de combate \u00e0 corrup\u00e7\u00e3o da Ucr\u00e2nia est\u00e3o a realizar buscas em casa do poderoso chefe de gabinete de Volodymyr Zelensky, Andrii Yermak.<\/p>\n<p>Tanto a Autoridade Nacional Anticorrup\u00e7\u00e3o (NABU) como o Gabinete da Procuradoria para a Anticorrup\u00e7\u00e3o (SAPO) confirmaram que est\u00e3o \u201ca coordenar ac\u00e7\u00f5es investigativas (buscas) ao chefe do gabinete do Presidente da Ucr\u00e2nia\u201d e que tais ac\u00e7\u00f5es \u201cforam autorizadas e enquadram-se numa investiga\u00e7\u00e3o\u201d. No entanto, as ag\u00eancias n\u00e3o explicaram qual \u00e9 a investiga\u00e7\u00e3o de que Yermak \u00e9 alvo.<\/p>\n<p>O jornal The Kyiv Independent adianta que o inqu\u00e9rito est\u00e1 relacionado com <a href=\"https:\/\/www.publico.pt\/2025\/11\/12\/mundo\/noticia\/corrupcao-sector-energetico-ucraniano-mancha-zelensky-faz-cair-dois-ministros-2154375\" rel=\"nofollow noopener\" target=\"_blank\">o esquema de corrup\u00e7\u00e3o<\/a> descoberto h\u00e1 algumas semanas no sector da energia nuclear. O caso levou ao afastamento dos ministros da Justi\u00e7a e da Energia e revelou uma \u201corganiza\u00e7\u00e3o criminosa de alto n\u00edvel\u201d que envolvia funcion\u00e1rios de ambos os minist\u00e9rios, mas tamb\u00e9m um empres\u00e1rio com liga\u00e7\u00f5es a Zelensky.<\/p>\n<p>Yermak confirmou estar a ser alvo de buscas, afirmando no Telegram que os investigadores \u201ctiveram acesso total ao apartamento\u201d e que ele est\u00e1 \u201ca cooperar plenamente\u201d com as autoridades. Ainda segundo Yermak, os seus advogados \u201cest\u00e3o presentes\u201d a acompanhar as dilig\u00eancias policiais.<\/p>\n<p>        &#13;<\/p>\n<p>&#13;<br \/>\n                &#13;\n            <\/p>\n<p>&#13;<\/p>\n<p>No caso da rede desmantelada em meados de Novembro, os investigadores revelaram a manipula\u00e7\u00e3o de contratos da Energoatom, empresa estatal de energia nuclear, em que os implicados conseguiam apropriar-se indevidamente de 10% a 15% dos valores em causa. Ter\u00e3o conseguido arrecadar cerca de 86 milh\u00f5es de euros.<\/p>\n<p>O alegado cabecilha do esquema \u00e9 Timur Mindich, empres\u00e1rio e produtor cinematogr\u00e1fico que fundou com Zelensky a produtora Kvartal 95, quando o actual Presidente <a href=\"https:\/\/www.publico.pt\/2019\/04\/06\/mundo\/noticia\/zelenskii-candidato-1868050\" rel=\"nofollow noopener\" target=\"_blank\">era comediante<\/a>. Mindich foi avisado previamente de que ia ser detido e fugiu para Israel, estando agora a decorrer um inqu\u00e9rito interno na Autoridade Nacional Anticorrup\u00e7\u00e3o (conhecida como NABU) para descobrir a origem da fuga de informa\u00e7\u00e3o.<\/p>\n<p>Logo na altura ficou a pairar a ideia na sociedade ucraniana de que haveria mais implicados na trama e o nome de Andrii Yermak foi mencionado, tal o poder que acumulou junto de Zelensky. \u201cEle \u00e9 t\u00e3o influente e est\u00e1 t\u00e3o envolvido em tantos assuntos que \u00e9 imposs\u00edvel que um esquema de corrup\u00e7\u00e3o em t\u00e3o larga escala pudesse acontecer sem o seu conhecimento\u201d, dizia ao Kyiv Independent a directora de uma ONG de combate \u00e0 corrup\u00e7\u00e3o, Daria Kaleniuk.<\/p>\n<p>Na quinta-feira, a revista americana <a href=\"https:\/\/www.theatlantic.com\/national-security\/2025\/11\/ukraine-zelensky-russia-trump-peace-land-red-line\/685090\/?gift=EFu_uZ2ddqaX4TxtHO7E4p0L9sat8LRoCbvXP8TII_Y&amp;utm_source=copy-link&amp;utm_medium=social&amp;utm_campaign=share\" target=\"_blank\" rel=\"nofollow noopener\">The Atlantic <\/a>publicou uma entrevista com Yermak em que este comenta o caso de corrup\u00e7\u00e3o e os apelos repetidos nas \u00faltimas semanas, tanto na Ucr\u00e2nia como entre os seus aliados, para que Zelensky o despe\u00e7a. \u201cA press\u00e3o \u00e9 enorme. O caso \u00e9 justamente badalado e \u00e9 preciso que haja uma investiga\u00e7\u00e3o objectiva e independente sem influ\u00eancia pol\u00edtica\u201d, disse o chefe de gabinete.<\/p>\n<p>J\u00e1 depois de o esc\u00e2ndalo rebentar, e de o nome de Yermak ter come\u00e7ado a circular, Zelensky decidiu coloc\u00e1-lo a liderar as <a href=\"https:\/\/www.publico.pt\/2025\/11\/25\/mundo\/noticia\/plano-paz-ucrania-estao-negociacoes-2155820\" rel=\"nofollow noopener\" target=\"_blank\">negocia\u00e7\u00f5es com os Estados Unidos<\/a> com vista a um acordo de paz. Para Yermak n\u00e3o h\u00e1 maior prova de que o Presidente continua a confiar nele. \u201cEle encarregou-me de fazer estas negocia\u00e7\u00f5es que v\u00e3o decidir o futuro do nosso pa\u00eds. Se as pessoas apoiam o Presidente, isso deve responder \u00e0s suas quest\u00f5es\u201d, concluiu.<\/p>\n<p>        &#13;<\/p>\n<p>&#13;<br \/>\n                &#13;\n            <\/p>\n<p>&#13;<\/p>\n<p><strong>Rela\u00e7\u00e3o antiga<\/strong><\/p>\n<p>Yermak e Zelensky conheceram-se em 2010, quando o primeiro era advogado e o segundo um comediante que procurava apoio jur\u00eddico para fundar a sua produtora audiovisual. Mais tarde, o pr\u00f3prio Yermak entraria no mundo do entretenimento, produzindo filmes.<\/p>\n<p>Apoiante de primeira hora da <a href=\"https:\/\/www.publico.pt\/2019\/03\/01\/mundo\/noticia\/desanimados-ucranianos-inclinamse-comediante-proximo-presidente-1863864\" rel=\"nofollow noopener\" target=\"_blank\">candidatura presidencial<\/a> de Zelensky, o agora chefe de gabinete come\u00e7ou por ser nomeado, em 2019, negociador de paz com a R\u00fassia (a guerra no Donbass prolongava-se h\u00e1 cinco anos). No ano seguinte chegaria ao cargo que ainda ocupa, onde as suas fun\u00e7\u00f5es se multiplicaram, sobretudo depois da invas\u00e3o russa em larga escala, iniciada em 2022.<\/p>\n<p>Durante este per\u00edodo, Yermak tornou-se a pessoa mais poderosa junto do Presidente, com enorme influ\u00eancia na pol\u00edtica interna (nas escolhas de ministros, por exemplo) e com um papel relevante no contacto com l\u00edderes pol\u00edticos estrangeiros. Diplomatas europeus e americanos ouvidos por meios de comunica\u00e7\u00e3o ocidentais descrevem-no como uma pessoa com quem n\u00e3o gostam de trabalhar e v\u00eam dizendo h\u00e1 algum tempo que Zelensky devia afast\u00e1-lo.<\/p>\n<p>Yermak \u00e9 tamb\u00e9m apontado pelos media ucranianos como o principal mentor de uma pol\u00e9mica lei <a href=\"https:\/\/www.publico.pt\/2025\/07\/23\/mundo\/noticia\/apesar-protestos-zelensky-defende-lei-retira-autonomia-agencias-anticorrupcao-ucrania-2141407\" rel=\"nofollow noopener\" target=\"_blank\">aprovada<\/a> no Ver\u00e3o passado \u2013 e <a href=\"https:\/\/www.publico.pt\/2025\/07\/31\/mundo\/noticia\/zelensky-promulga-lei-restabelece-autonomia-agencias-anticorrupcao-ucrania-2142480\" rel=\"nofollow noopener\" target=\"_blank\">logo revogada<\/a> \u2013 que colocava a NABU e o SAPO sob a depend\u00eancia directa do procurador-geral, Ruslan Kravchenko, um aliado pol\u00edtico de Zelensky e muito pr\u00f3ximo de Yermak. Segundo essa lei, que motivou grandes protestos populares na Ucr\u00e2nia e levou a Uni\u00e3o Europeia a advertir que ela fazia retroceder o pa\u00eds no seu processo de ades\u00e3o, o procurador-geral ficaria com poderes para redistribuir processos em curso por procuradores \u00e0 sua escolha ou para mandar encerrar investiga\u00e7\u00f5es.<\/p>\n","protected":false},"excerpt":{"rendered":"As autoridades de combate \u00e0 corrup\u00e7\u00e3o da Ucr\u00e2nia est\u00e3o a realizar buscas em casa do poderoso chefe de&hellip;\n","protected":false},"author":2,"featured_media":168111,"comment_status":"","ping_status":"","sticky":false,"template":"","format":"standard","meta":{"footnotes":""},"categories":[50],"tags":[27,28,4469,15,16,889,14,25,26,21,22,62,12,13,19,20,23,24,839,17,18,840,29,30,31,2416,63,64,65],"class_list":{"0":"post-168110","1":"post","2":"type-post","3":"status-publish","4":"format-standard","5":"has-post-thumbnail","7":"category-mundo","8":"tag-breaking-news","9":"tag-breakingnews","10":"tag-corrupcao","11":"tag-featured-news","12":"tag-featurednews","13":"tag-guerra-na-ucrania","14":"tag-headlines","15":"tag-latest-news","16":"tag-latestnews","17":"tag-main-news","18":"tag-mainnews","19":"tag-mundo","20":"tag-news","21":"tag-noticias","22":"tag-noticias-principais","23":"tag-noticiasprincipais","24":"tag-principais-noticias","25":"tag-principaisnoticias","26":"tag-russia","27":"tag-top-stories","28":"tag-topstories","29":"tag-ucrania","30":"tag-ultimas","31":"tag-ultimas-noticias","32":"tag-ultimasnoticias","33":"tag-volodymyr-zelensky","34":"tag-world","35":"tag-world-news","36":"tag-worldnews"},"share_on_mastodon":{"url":"https:\/\/pubeurope.com\/@pt\/115627048726646950","error":""},"_links":{"self":[{"href":"https:\/\/www.europesays.com\/pt\/wp-json\/wp\/v2\/posts\/168110","targetHints":{"allow":["GET"]}}],"collection":[{"href":"https:\/\/www.europesays.com\/pt\/wp-json\/wp\/v2\/posts"}],"about":[{"href":"https:\/\/www.europesays.com\/pt\/wp-json\/wp\/v2\/types\/post"}],"author":[{"embeddable":true,"href":"https:\/\/www.europesays.com\/pt\/wp-json\/wp\/v2\/users\/2"}],"replies":[{"embeddable":true,"href":"https:\/\/www.europesays.com\/pt\/wp-json\/wp\/v2\/comments?post=168110"}],"version-history":[{"count":0,"href":"https:\/\/www.europesays.com\/pt\/wp-json\/wp\/v2\/posts\/168110\/revisions"}],"wp:featuredmedia":[{"embeddable":true,"href":"https:\/\/www.europesays.com\/pt\/wp-json\/wp\/v2\/media\/168111"}],"wp:attachment":[{"href":"https:\/\/www.europesays.com\/pt\/wp-json\/wp\/v2\/media?parent=168110"}],"wp:term":[{"taxonomy":"category","embeddable":true,"href":"https:\/\/www.europesays.com\/pt\/wp-json\/wp\/v2\/categories?post=168110"},{"taxonomy":"post_tag","embeddable":true,"href":"https:\/\/www.europesays.com\/pt\/wp-json\/wp\/v2\/tags?post=168110"}],"curies":[{"name":"wp","href":"https:\/\/api.w.org\/{rel}","templated":true}]}}