{"id":168112,"date":"2025-11-28T11:18:15","date_gmt":"2025-11-28T11:18:15","guid":{"rendered":"https:\/\/www.europesays.com\/pt\/168112\/"},"modified":"2025-11-28T11:18:15","modified_gmt":"2025-11-28T11:18:15","slug":"sexta-na-tv-hitchcock-louis-ck-e-aquela-foto-do-vietname-televisao","status":"publish","type":"post","link":"https:\/\/www.europesays.com\/pt\/168112\/","title":{"rendered":"Sexta na TV: Hitchcock, Louis CK e aquela foto do Vietname | Televis\u00e3o"},"content":{"rendered":"<p>CINEMA<\/p>\n<p dir=\"ltr\"><strong><a href=\"https:\/\/cinecartaz.publico.pt\/Filme\/119697_reino-dos-ceus\" rel=\"nofollow noopener\" target=\"_blank\">Reino dos C\u00e9us<\/a><\/strong><br \/><strong>AXN Movies, 18h40<\/strong><\/p>\n<p dir=\"ltr\">Dirigido por Ridley Scott e escrito por William Monahan, conta a hist\u00f3ria de Balian, um jovem ferreiro que se torna um dos mais honrados e her\u00f3icos cavaleiros e defensores da paz na Terra Santa, durante as Cruzadas. Orlando Bloom, Eva Green, Liam Neeson assumem as personagens.<\/p>\n<p dir=\"ltr\"><strong><a href=\"https:\/\/cinecartaz.publico.pt\/Filme\/313463_hitchcock\" rel=\"nofollow noopener\" target=\"_blank\">Hitchcock<\/a><\/strong><br \/><strong>AXN Movies, 21h10<\/strong><\/p>\n<p dir=\"ltr\">Inspirada no livro Alfred Hitchcock and the Making of Psycho, de Stephen Rebello, a primeira longa do ingl\u00eas Sacha Gervasi incide sobre a realiza\u00e7\u00e3o de Psico e, simultaneamente, sobre a rela\u00e7\u00e3o de Hitchcock com a mulher, Alma, nesse processo. O elenco inclui Anthony Hopkins, Helen Mirren, Scarlett Johansson, Toni Collette, Danny Huston, Jessica Biel, James D\u2019Arcy, Michael Wincott e Kurtwood Smith.<\/p>\n<p dir=\"ltr\"><strong><a href=\"https:\/\/cinecartaz.publico.pt\/filme\/tornados-412211\" rel=\"nofollow noopener\" target=\"_blank\">Tornados<\/a><\/strong><br \/><strong>TVCine Top, 21h30<\/strong><\/p>\n<p dir=\"ltr\">Em 1996, Jan de Bont assinou Twister, um thriller de desastre com Helen Hunt e Bill Paxton centrado em entusiastas de tornados, amadores que andavam atr\u00e1s destes violentos fen\u00f3menos meteorol\u00f3gicos para os estudarem. Quase 30 anos depois, surgiu este novo filme com uma hist\u00f3ria independente, em nada relacionada com a original, s\u00f3 que passada no mesmo universo, com realiza\u00e7\u00e3o de Lee Isaac Chung, que em 2020 se fez notar com Minari.<\/p>\n<p dir=\"ltr\">No centro est\u00e1 Daisy Edgar-Jones como Kate Cooper, uma meteorologista que se retirou dessas andan\u00e7as ap\u00f3s ter sofrido uma experi\u00eancia traum\u00e1tica. Um amigo convence-a a voltar com nova tecnologia e \u00e9 a\u00ed que se cruza com Tyler Owens (Glen Powell), uma estrela desse meio, muito popular nas redes sociais e convencido.<\/p>\n<p dir=\"ltr\"><strong><a href=\"https:\/\/cinecartaz.publico.pt\/filme\/broker---intermediarios-409293\" rel=\"nofollow noopener\" target=\"_blank\">Broker &#8211; Intermedi\u00e1rios<\/a><\/strong><br \/><strong>RTP2, 22h58<\/strong><\/p>\n<p dir=\"ltr\">O japon\u00eas Hirokazu Kore-eda (Shoplifters: Uma Fam\u00edlia de Pequenos Ladr\u00f5es) escreve e realiza este filme dram\u00e1tico que foi distinguido em Cannes com o Pr\u00e9mio do J\u00fari Ecum\u00e9nico, festival que tamb\u00e9m atribui a Song Kang-ho o galard\u00e3o de melhor actor. A hist\u00f3ria gira \u00e0 volta do \u201cneg\u00f3cio\u201d de dois amigos: roubam beb\u00e9s que s\u00e3o deixados na igreja por pais que n\u00e3o podem cuidar deles; depois, vendem-nos no mercado negro da adop\u00e7\u00e3o. S\u00f3 que uma m\u00e3e volta atr\u00e1s depois de abandonar o filho e os detectives no encal\u00e7o deles complicam tudo.<\/p>\n<p>DOCUMENT\u00c1RIO<\/p>\n<p dir=\"ltr\"><strong>O Correspondente: Quem Tirou a Fotografia?<\/strong><br \/><strong>Netflix, streaming<\/strong><\/p>\n<p dir=\"ltr\">A Menina do Napalm, nome por que \u00e9 mais conhecida a fotografia O Terror da Guerra, em que uma rapariga despida foge de um ataque, \u00e9 uma das mais ic\u00f3nicas imagens da Guerra do Vietname. Durante d\u00e9cadas, foi atribu\u00edda ao fotojornalista Nick \u00dat. Mas, nos \u00faltimos anos, a autoria foi disputada e, em 2025, a funda\u00e7\u00e3o World Press Photo acabou mesmo por suspender essa atribui\u00e7\u00e3o.<\/p>\n<p dir=\"ltr\">O motivo? Um document\u00e1rio que, depois de um par de anos de investiga\u00e7\u00e3o, veio defender que o verdadeiro autor era Nguyen Th\u00e0nh Nghe. Estreado em Janeiro deste ano no Festival de Sundance (EUA), esse document\u00e1rio, realizado por Bao Nguyen, pode agora ser visto na Netflix.<\/p>\n<p dir=\"ltr\"><strong>Sorry\/Not Sorry<\/strong><br \/><strong>TVCine Edition, 13h35<\/strong><\/p>\n<p dir=\"ltr\">A ascens\u00e3o, queda e retorno de Louis CK, humorista norte-americano \u201ccancelado\u201d (mas nem tanto) depois de um esc\u00e2ndalo, \u00e9 o alvo deste filme de 2023, realizado por Cara Mones e Caroline Suh, e produzido pelo The New York Times. Foi este jornal que, em 2017, divulgou alega\u00e7\u00f5es de v\u00e1rias mulheres que o acusavam de comportamentos sexuais abusivos. Ele admitiu que eram verdadeiras. At\u00e9 lan\u00e7ou um especial de stand-up chamado Sorry.<\/p>\n<p dir=\"ltr\">Mas podemos falar em arrependimento? O certo \u00e9 que Louis CK soube capitalizar a pol\u00e9mica e valer-se do estatuto de g\u00e9nio c\u00f3mico para voltar \u00e0 ribalta e esgotar salas (os bilhetes para as actua\u00e7\u00f5es em Lisboa, em 2019, por exemplo, esgotaram em minutos). Sorry\/Not Sorry trabalha este limbo entre o conden\u00e1vel e o aceit\u00e1vel, entre a hipocrisia e a necessidade de separar a arte do artista. Conta com depoimentos de v\u00edtimas, coment\u00e1rios de humoristas e apontamentos de rep\u00f3rteres.<\/p>\n<p>INFORMA\u00c7\u00c3O<\/p>\n<p dir=\"ltr\"><strong>Toda a Verdade<\/strong><br \/><strong>SIC Not\u00edcias, 1h45<\/strong><\/p>\n<p>        &#13;<\/p>\n<p>&#13;<br \/>\n                &#13;\n            <\/p>\n<p>&#13;<\/p>\n<p dir=\"ltr\">Da Trump Tower \u00e0 Casa Branca \u00e9 uma reportagem que rev\u00ea a traject\u00f3ria de Donald Trump, o homem que j\u00e1 nasceu magnata, herdou do pai o estilo de negocia\u00e7\u00e3o, fermentou a fortuna no ramo imobili\u00e1rio, cresceu em popularidade num reality show em que despedia pessoas, enveredou pela pol\u00edtica e cumpriu o objectivo, que tantos julgaram improv\u00e1vel, de se tornar (duas vezes) Presidente dos EUA.<\/p>\n","protected":false},"excerpt":{"rendered":"CINEMA Reino dos C\u00e9usAXN Movies, 18h40 Dirigido por Ridley Scott e escrito por William Monahan, conta a hist\u00f3ria&hellip;\n","protected":false},"author":2,"featured_media":168113,"comment_status":"","ping_status":"","sticky":false,"template":"","format":"standard","meta":{"footnotes":""},"categories":[10],"tags":[27,28,470,1413,1414,15,16,14,25,26,294,21,22,12,13,19,20,32,23,24,33,291,941,940,218,17,18,151,29,30,31],"class_list":{"0":"post-168112","1":"post","2":"type-post","3":"status-publish","4":"format-standard","5":"has-post-thumbnail","7":"category-portugal","8":"tag-breaking-news","9":"tag-breakingnews","10":"tag-cinema","11":"tag-cultura-ipsilon","12":"tag-documentario","13":"tag-featured-news","14":"tag-featurednews","15":"tag-headlines","16":"tag-latest-news","17":"tag-latestnews","18":"tag-lazer","19":"tag-main-news","20":"tag-mainnews","21":"tag-news","22":"tag-noticias","23":"tag-noticias-principais","24":"tag-noticiasprincipais","25":"tag-portugal","26":"tag-principais-noticias","27":"tag-principaisnoticias","28":"tag-pt","29":"tag-relaxar","30":"tag-series","31":"tag-streaming","32":"tag-televisao","33":"tag-top-stories","34":"tag-topstories","35":"tag-tv","36":"tag-ultimas","37":"tag-ultimas-noticias","38":"tag-ultimasnoticias"},"share_on_mastodon":{"url":"https:\/\/pubeurope.com\/@pt\/115627052411791938","error":""},"_links":{"self":[{"href":"https:\/\/www.europesays.com\/pt\/wp-json\/wp\/v2\/posts\/168112","targetHints":{"allow":["GET"]}}],"collection":[{"href":"https:\/\/www.europesays.com\/pt\/wp-json\/wp\/v2\/posts"}],"about":[{"href":"https:\/\/www.europesays.com\/pt\/wp-json\/wp\/v2\/types\/post"}],"author":[{"embeddable":true,"href":"https:\/\/www.europesays.com\/pt\/wp-json\/wp\/v2\/users\/2"}],"replies":[{"embeddable":true,"href":"https:\/\/www.europesays.com\/pt\/wp-json\/wp\/v2\/comments?post=168112"}],"version-history":[{"count":0,"href":"https:\/\/www.europesays.com\/pt\/wp-json\/wp\/v2\/posts\/168112\/revisions"}],"wp:featuredmedia":[{"embeddable":true,"href":"https:\/\/www.europesays.com\/pt\/wp-json\/wp\/v2\/media\/168113"}],"wp:attachment":[{"href":"https:\/\/www.europesays.com\/pt\/wp-json\/wp\/v2\/media?parent=168112"}],"wp:term":[{"taxonomy":"category","embeddable":true,"href":"https:\/\/www.europesays.com\/pt\/wp-json\/wp\/v2\/categories?post=168112"},{"taxonomy":"post_tag","embeddable":true,"href":"https:\/\/www.europesays.com\/pt\/wp-json\/wp\/v2\/tags?post=168112"}],"curies":[{"name":"wp","href":"https:\/\/api.w.org\/{rel}","templated":true}]}}