{"id":168116,"date":"2025-11-28T11:23:10","date_gmt":"2025-11-28T11:23:10","guid":{"rendered":"https:\/\/www.europesays.com\/pt\/168116\/"},"modified":"2025-11-28T11:23:10","modified_gmt":"2025-11-28T11:23:10","slug":"vem-ai-em-terra-forte-rosinha-lanca-questao-que-deixa-dudu-e-dani-a-tremer-novelas","status":"publish","type":"post","link":"https:\/\/www.europesays.com\/pt\/168116\/","title":{"rendered":"Vem a\u00ed em \u00abTerra Forte\u00bb: Rosinha lan\u00e7a quest\u00e3o que deixa Dudu e Dani a tremer &#8211; Novelas"},"content":{"rendered":"<p>Em \u00abTerra Forte\u00bb, Dudu encontra uma bolsa com documentos, com todos a ficarem chocados por confirmarem que foi Vivi quem teve o acidente de carro.<\/p>\n<p>Dudu entrega a Rodrigo tudo o que encontraram. <a href=\"https:\/\/tvi.iol.pt\/novelas\/videos\/terra-forte-rosinha-salva-a-vida-de-dudu\/68f61d030cf29d28d8297586\" rel=\"nofollow noopener\" target=\"_blank\">Rosinha (Francisca Salgado)<\/a>, <a href=\"https:\/\/tvi.iol.pt\/novelas\/videos\/terra-forte-foi-dani-a-filha-de-maria-de-fatima-que-atingiu-a-propria-mae\/68f61cd50cf285ab53a6aaf8\" rel=\"nofollow noopener\" target=\"_blank\">Dani (Camy Ribau)<\/a>\u00a0e <a href=\"https:\/\/tvi.iol.pt\/novelas\/videos\/terra-forte-dudu-apresenta-rosinha-a-sammy-e-a-rosa-maria\/68f7b86d0cf29d28d8297a76\" rel=\"nofollow noopener\" target=\"_blank\">Dudu (Tom\u00e1s Taborda)<\/a> decidem que o melhor \u00e9 irem embora por j\u00e1 n\u00e3o estarem ali a fazer nada. Rosinha vomita, maldisposta com tudo aquilo.<\/p>\n<p>Dani e Dudu olham tensos para Rosinha a question\u00e1-los se acham que <a href=\"https:\/\/tvi.iol.pt\/novelas\/videos\/terra-forte-maria-de-fatima-e-manuel-tinham-um-caso\/68f65cdc0cf29d28d82976cb\" rel=\"nofollow noopener\" target=\"_blank\">Maria de F\u00e1tima (Rita Pereira)<\/a> seria capaz de matar Vivi pelas amea\u00e7as que ela lhe fez.<\/p>\n<p>Recorde-se que Maria de F\u00e1tima tinha feito uma proposta a <a href=\"https:\/\/tvi.iol.pt\/novelas\/videos\/maria-de-fatima-toma-decisao-sobre-vivi-esta-demitida\/68f8e7750cf285ab53a6b259\" rel=\"nofollow noopener\" target=\"_blank\">Vivi (Sofia Nicholson)<\/a>:<\/p>\n","protected":false},"excerpt":{"rendered":"Em \u00abTerra Forte\u00bb, Dudu encontra uma bolsa com documentos, com todos a ficarem chocados por confirmarem que foi&hellip;\n","protected":false},"author":2,"featured_media":168117,"comment_status":"","ping_status":"","sticky":false,"template":"","format":"standard","meta":{"footnotes":""},"categories":[142],"tags":[160,32727,166,8463,7094,114,115,157,167,27915,164,161,158,165,159,32,33,156,27917,18614,163,27916,151,162],"class_list":{"0":"post-168116","1":"post","2":"type-post","3":"status-publish","4":"format-standard","5":"has-post-thumbnail","7":"category-tv","8":"tag-ana-guiomar","9":"tag-camy-ribau","10":"tag-cristina-ferreira","11":"tag-dani","12":"tag-dudu","13":"tag-entertainment","14":"tag-entretenimento","15":"tag-festa-e-festa","16":"tag-ficcao","17":"tag-francisca-salgado","18":"tag-jose-fidalgo","19":"tag-novelas","20":"tag-para-sempre","21":"tag-pedro-sousa","22":"tag-pedro-teixeira","23":"tag-portugal","24":"tag-pt","25":"tag-queridos-papas","26":"tag-rosinha","27":"tag-terra-forte","28":"tag-tiago-teotonio-pereira","29":"tag-tomas-taborda","30":"tag-tv","31":"tag-tvi"},"share_on_mastodon":{"url":"https:\/\/pubeurope.com\/@pt\/115627072188137352","error":""},"_links":{"self":[{"href":"https:\/\/www.europesays.com\/pt\/wp-json\/wp\/v2\/posts\/168116","targetHints":{"allow":["GET"]}}],"collection":[{"href":"https:\/\/www.europesays.com\/pt\/wp-json\/wp\/v2\/posts"}],"about":[{"href":"https:\/\/www.europesays.com\/pt\/wp-json\/wp\/v2\/types\/post"}],"author":[{"embeddable":true,"href":"https:\/\/www.europesays.com\/pt\/wp-json\/wp\/v2\/users\/2"}],"replies":[{"embeddable":true,"href":"https:\/\/www.europesays.com\/pt\/wp-json\/wp\/v2\/comments?post=168116"}],"version-history":[{"count":0,"href":"https:\/\/www.europesays.com\/pt\/wp-json\/wp\/v2\/posts\/168116\/revisions"}],"wp:featuredmedia":[{"embeddable":true,"href":"https:\/\/www.europesays.com\/pt\/wp-json\/wp\/v2\/media\/168117"}],"wp:attachment":[{"href":"https:\/\/www.europesays.com\/pt\/wp-json\/wp\/v2\/media?parent=168116"}],"wp:term":[{"taxonomy":"category","embeddable":true,"href":"https:\/\/www.europesays.com\/pt\/wp-json\/wp\/v2\/categories?post=168116"},{"taxonomy":"post_tag","embeddable":true,"href":"https:\/\/www.europesays.com\/pt\/wp-json\/wp\/v2\/tags?post=168116"}],"curies":[{"name":"wp","href":"https:\/\/api.w.org\/{rel}","templated":true}]}}