{"id":168131,"date":"2025-11-28T11:38:10","date_gmt":"2025-11-28T11:38:10","guid":{"rendered":"https:\/\/www.europesays.com\/pt\/168131\/"},"modified":"2025-11-28T11:38:10","modified_gmt":"2025-11-28T11:38:10","slug":"empresario-de-feira-de-santana-emplaca-cantor-gospel-eli-soares-no-grammy-latino-acorda-cidade","status":"publish","type":"post","link":"https:\/\/www.europesays.com\/pt\/168131\/","title":{"rendered":"Empres\u00e1rio de Feira de Santana emplaca cantor gospel, Eli Soares, no Grammy latino &#8211; Acorda Cidade"},"content":{"rendered":"<p>O produtor e empres\u00e1rio art\u00edstico baiano, Nau Santana, de Cruz da Almas e morador da cidade de Feira de Santana h\u00e1 mais de 27 anos, ganhou destaque nacional ap\u00f3s ver um dos artistas que agencia, o cantor Eli Soares, conquistar o Grammy Latino 2025 na<strong> categoria \u201cMelhor \u00c1lbum de M\u00fasica Crist\u00e3 (em L\u00edngua Portuguesa)\u201d com o \u00e1lbum Mem\u00f3ri4s.<\/strong><\/p>\n<p>\u00c0 frente da empresa Oficina da M\u00fasica Produ\u00e7\u00f5es e Eventos, Nau consolidou sua atua\u00e7\u00e3o no mercado gospel, trabalhando no agenciamento e na produ\u00e7\u00e3o de artistas. A empresa desenvolve projetos que incluem produ\u00e7\u00e3o de shows, grava\u00e7\u00e3o de CDs, cria\u00e7\u00e3o de vinhetas e iniciativas especiais voltadas ao segmento.<\/p>\n<p>Tamb\u00e9m ao longo dos anos, o empres\u00e1rio j\u00e1 foi destaque em premia\u00e7\u00f5es como o Trof\u00e9u Rede Gospel, e idealizando eventos como o <a href=\"https:\/\/www.acordacidade.com.br\/cultura\/oficina-festival-trara-grandes-nomes-da-musica-gospel-para-feira-de-santana\/\" rel=\"nofollow noopener\" target=\"_blank\">Oficina Festival, realizado em Feira de Santana<\/a>, que j\u00e1 trouxe para a cidade grandes nomes do gospel como Gabriela Rocha e Isadora Pompeo, movimentando o calend\u00e1rio musical da cidade.<\/p>\n<p>Conquista de Eli Soares no Grammy<\/p>\n<p>Com a conquista na edi\u00e7\u00e3o de 2025, o cantor Eli Soares chegou \u00e0 sua terceira vit\u00f3ria em oito indica\u00e7\u00f5es consecutivas ao Grammy Latino. O projeto vencedor, o \u00e1lbum \u201cMem\u00f3ri4s\u201d, re\u00fane faixas com mensagens de f\u00e9, esperan\u00e7a, renova\u00e7\u00e3o e interpreta\u00e7\u00f5es de can\u00e7\u00f5es que fizeram parte da trajet\u00f3ria do artista.<\/p>\n<p>Entre os artistas agenciados pela Oficina da M\u00fasica, presidida por Nau Santana,  est\u00e3o alguns dos maiores nomes do cen\u00e1rio gospel nacional como Maria Mar\u00e7al, Isadora Pompeo, Cassiane, Thalles Roberto, Fernandinho, Aline Barros, Damares, Anderson Freire, Bruna Karla, Gabriela Rocha, Eli Soares, Lukas Agustinho, Jefferson e Suellen,  Som e Louvor, Valesca Maysa, entre muitos outros.<\/p>\n<p>Siga o Acorda Cidade no<a href=\"https:\/\/news.google.com\/search?q=acorda%20cidade&amp;hl=pt-BR&amp;gl=BR&amp;ceid=BR%3Apt-419\" rel=\"nofollow noopener\" target=\"_blank\"><strong>\u00a0Google Not\u00edcias<\/strong><\/a>\u00a0e receba os principais destaques do dia. Participe tamb\u00e9m dos nossos canais no\u00a0<a href=\"https:\/\/www.whatsapp.com\/channel\/0029Va6Rb4v3WHTNnsh8WI3N\" rel=\"nofollow noopener\" target=\"_blank\"><strong>WhatsApp<\/strong><\/a>\u00a0e\u00a0<a href=\"https:\/\/www.youtube.com\/@acordacidadenoticias\/videos\" rel=\"nofollow noopener\" target=\"_blank\"><strong>Youtube<\/strong><\/a>\u00a0e grupo de\u00a0<a href=\"https:\/\/t.me\/+sSz0khrgARA0ZmRh\" rel=\"nofollow\"><strong>Telegram<\/strong><\/a>.<\/p>\n","protected":false},"excerpt":{"rendered":"O produtor e empres\u00e1rio art\u00edstico baiano, Nau Santana, de Cruz da Almas e morador da cidade de Feira&hellip;\n","protected":false},"author":2,"featured_media":168132,"comment_status":"","ping_status":"","sticky":false,"template":"","format":"standard","meta":{"footnotes":""},"categories":[141],"tags":[5356,114,115,35325,1274,149,150,32,6691,3604,33],"class_list":{"0":"post-168131","1":"post","2":"type-post","3":"status-publish","4":"format-standard","5":"has-post-thumbnail","7":"category-musica","8":"tag-empresario","9":"tag-entertainment","10":"tag-entretenimento","11":"tag-gospel","12":"tag-grammy-awards","13":"tag-music","14":"tag-musica","15":"tag-portugal","16":"tag-premiacao","17":"tag-produtor-musical","18":"tag-pt"},"share_on_mastodon":{"url":"https:\/\/pubeurope.com\/@pt\/115627131472474149","error":""},"_links":{"self":[{"href":"https:\/\/www.europesays.com\/pt\/wp-json\/wp\/v2\/posts\/168131","targetHints":{"allow":["GET"]}}],"collection":[{"href":"https:\/\/www.europesays.com\/pt\/wp-json\/wp\/v2\/posts"}],"about":[{"href":"https:\/\/www.europesays.com\/pt\/wp-json\/wp\/v2\/types\/post"}],"author":[{"embeddable":true,"href":"https:\/\/www.europesays.com\/pt\/wp-json\/wp\/v2\/users\/2"}],"replies":[{"embeddable":true,"href":"https:\/\/www.europesays.com\/pt\/wp-json\/wp\/v2\/comments?post=168131"}],"version-history":[{"count":0,"href":"https:\/\/www.europesays.com\/pt\/wp-json\/wp\/v2\/posts\/168131\/revisions"}],"wp:featuredmedia":[{"embeddable":true,"href":"https:\/\/www.europesays.com\/pt\/wp-json\/wp\/v2\/media\/168132"}],"wp:attachment":[{"href":"https:\/\/www.europesays.com\/pt\/wp-json\/wp\/v2\/media?parent=168131"}],"wp:term":[{"taxonomy":"category","embeddable":true,"href":"https:\/\/www.europesays.com\/pt\/wp-json\/wp\/v2\/categories?post=168131"},{"taxonomy":"post_tag","embeddable":true,"href":"https:\/\/www.europesays.com\/pt\/wp-json\/wp\/v2\/tags?post=168131"}],"curies":[{"name":"wp","href":"https:\/\/api.w.org\/{rel}","templated":true}]}}