{"id":168135,"date":"2025-11-28T11:40:34","date_gmt":"2025-11-28T11:40:34","guid":{"rendered":"https:\/\/www.europesays.com\/pt\/168135\/"},"modified":"2025-11-28T11:40:34","modified_gmt":"2025-11-28T11:40:34","slug":"sporting-com-vitoria-categorica-sobre-brugge","status":"publish","type":"post","link":"https:\/\/www.europesays.com\/pt\/168135\/","title":{"rendered":"Sporting com vit\u00f3ria categ\u00f3rica sobre Brugge"},"content":{"rendered":"<p>&#13;<br \/>\nCom mais de 41 mil espetadores, em Alvalade, a partida come\u00e7ou com o Club Brugge a pressionar alto e com os le\u00f5es a procurarem construir desde tr\u00e1s, e numa dessas jogadas surgiu o primeiro remate do jogo por interm\u00e9dio de Quenda. O disparo do jogador leonino saiu ao lado.\u00a0&#13;\n<\/p>\n<p>O minuto nove podia ter trazido um grande contratempo para a turma leonina. Morten Hjulmand v\u00ea o cart\u00e3o vermelho direto depois de uma falta sobre Stankovic. O \u00e1rbitro Stieler foi chamado ao VAR e reverteu a decis\u00e3o. O capit\u00e3o do Sporting v\u00ea o cart\u00e3o amarelo.<\/p>\n<p>&#13;<br \/>\nDepois da amea\u00e7a de Su\u00e1rez, que rematou para defesa de Jackers, o Sporting voltou ao ataque e chegou ao golo. Quenda, no cora\u00e7\u00e3o da \u00e1rea, estava no s\u00edtio certo para atirar a contar, depois de um remate de Catamo, que Jackers defendeu.&#13;\n<\/p>\n<p><img decoding=\"async\" src=\"https:\/\/www.europesays.com\/pt\/wp-content\/uploads\/2025\/11\/1e5647d6f93005e6be2b357930f511d7\"\/>(Foto: Filipe Amorim &#8211; AFP)<\/p>\n<p>&#13;<br \/>\n\u00c0 passagem da meia hora o Sporting ampliava a vantagem. Catamo isolou Su\u00e1rez com um passe genial, colocando o avan\u00e7ado leonino cara a cara com Jackers, o colombiano picou a bola para o 2-0.&#13;\n<\/p>\n<p><img decoding=\"async\" src=\"https:\/\/www.europesays.com\/pt\/wp-content\/uploads\/2025\/11\/67809d67f0b80197b63019fa5adb75d6\"\/>(Foto:\u00a0Pedro Nunes &#8211; Reuters)<\/p>\n<p>\nAo minuto 39 Trinc\u00e3o esteve perto de fazer um grande golo num belo desenho ofensivo da equipa de Rui Borges. Contra-ataque r\u00e1pido, com Trinc\u00e3o a finalizar a jogada com um remate forte, por cima. <\/p>\n<p>O Sporting vencia bem ao intervalo. O Club Brugge entrou intenso e pressionante, mas a turma leonina adaptou-se e come\u00e7ou a criar perigo, aproveitando o espa\u00e7o nas costas da defesa visitante. Quenda fez o primeiro, Su\u00e1rez o segundo com muita classe, mas foram v\u00e1rios os ataques perigosos dos comandados de Rui Borges.<\/p>\n<p>No in\u00edcio da segunda parte uma perda de bola do Sporting no seu meio campo trouxe perigo para a baliza de Rui Silva, no entanto, Vermant, servido por Forbs, atirou \u00e0 malha lateral. <\/p>\n<p>Na resposta Su\u00e1rez teve tudo para fazer o terceiro. O avan\u00e7ado leonino isolou-se, ultrapassou o guarda-redes e, com a baliza aberta, atirou ao poste. O central belga atrapalhou o colombiano, mas Su\u00e1rez podia e devia ter feito bem melhor.<\/p>\n<p>O Club Brugge estava melhor na segunda parte e Tresoldi apareceu na cara de Rui Silva, mas o italiano atirou ao lado. O remate passou muito perto do poste. Mas antes Rui Borges operava a primeira mexida. Morita entrava para o lugar de Jo\u00e3o Sim\u00f5es.<\/p>\n<p>&#13;<br \/>\nOs belgas apareciam com mais perigo junto \u00e0 \u00e1rea do Sporting, mas continuavam a deixar espa\u00e7o nas costas que o le\u00e3o tentava aproveitar. Num desses momentos do jogo, Trinc\u00e3o apontava o 3-0. Maxi tocou em Quenda que encontrou Trinc\u00e3o no interior da grande \u00e1rea. O internacional portugu\u00eas rematou cruzado, para o fundo das redes \u00e0 guarda de Jackers.&#13;\n<\/p>\n<p><img decoding=\"async\" src=\"https:\/\/www.europesays.com\/pt\/wp-content\/uploads\/2025\/11\/4f44098e5109e88ef6583d043aadcc18\"\/>(Foto:\u00a0Jos\u00e9 Sena Goul\u00e3o &#8211; Lusa)<\/p>\n<p>&#13;<br \/>\nRui Borges voltava a mexer na equipa e tirava os extremos Catamo e Quenda. Entraram Alisson e Blopa. O jovem le\u00e3o Salvador Blopa fazia a estreia na Liga dos Campe\u00f5es e pouco depois mostrava-se a servir Fresneda. O espanhol atirou forte, mas Jackers defendeu. Nos descontos da partida registo para Blopa que teve o golo nos p\u00e9s negado pelo guarda-redes Jackers.&#13;\n<\/p>\n<p>&#13;<br \/>\nNa pr\u00f3xima jornada da prova, em 09 de dezembro, o Sporting visita o Bayern Munique, que hoje somou a primeira derrota, frente ao Arsenal (3-1), que lidera a prova, com 15 pontos.<br \/>&#13;<\/p>\n","protected":false},"excerpt":{"rendered":"&#13; Com mais de 41 mil espetadores, em Alvalade, a partida come\u00e7ou com o Club Brugge a pressionar&hellip;\n","protected":false},"author":2,"featured_media":168136,"comment_status":"","ping_status":"","sticky":false,"template":"","format":"standard","meta":{"footnotes":""},"categories":[87],"tags":[135,13,32,33,420,421,134],"class_list":{"0":"post-168135","1":"post","2":"type-post","3":"status-publish","4":"format-standard","5":"has-post-thumbnail","7":"category-desporto","8":"tag-desporto","9":"tag-noticias","10":"tag-portugal","11":"tag-pt","12":"tag-rtp","13":"tag-rtp-noticias","14":"tag-sports"},"share_on_mastodon":{"url":"https:\/\/pubeurope.com\/@pt\/115627139440363535","error":""},"_links":{"self":[{"href":"https:\/\/www.europesays.com\/pt\/wp-json\/wp\/v2\/posts\/168135","targetHints":{"allow":["GET"]}}],"collection":[{"href":"https:\/\/www.europesays.com\/pt\/wp-json\/wp\/v2\/posts"}],"about":[{"href":"https:\/\/www.europesays.com\/pt\/wp-json\/wp\/v2\/types\/post"}],"author":[{"embeddable":true,"href":"https:\/\/www.europesays.com\/pt\/wp-json\/wp\/v2\/users\/2"}],"replies":[{"embeddable":true,"href":"https:\/\/www.europesays.com\/pt\/wp-json\/wp\/v2\/comments?post=168135"}],"version-history":[{"count":0,"href":"https:\/\/www.europesays.com\/pt\/wp-json\/wp\/v2\/posts\/168135\/revisions"}],"wp:featuredmedia":[{"embeddable":true,"href":"https:\/\/www.europesays.com\/pt\/wp-json\/wp\/v2\/media\/168136"}],"wp:attachment":[{"href":"https:\/\/www.europesays.com\/pt\/wp-json\/wp\/v2\/media?parent=168135"}],"wp:term":[{"taxonomy":"category","embeddable":true,"href":"https:\/\/www.europesays.com\/pt\/wp-json\/wp\/v2\/categories?post=168135"},{"taxonomy":"post_tag","embeddable":true,"href":"https:\/\/www.europesays.com\/pt\/wp-json\/wp\/v2\/tags?post=168135"}],"curies":[{"name":"wp","href":"https:\/\/api.w.org\/{rel}","templated":true}]}}