{"id":168141,"date":"2025-11-28T11:45:14","date_gmt":"2025-11-28T11:45:14","guid":{"rendered":"https:\/\/www.europesays.com\/pt\/168141\/"},"modified":"2025-11-28T11:45:14","modified_gmt":"2025-11-28T11:45:14","slug":"trump-anuncia-acao-terrestre-na-venezuela-e-maduro-pede-prontidao","status":"publish","type":"post","link":"https:\/\/www.europesays.com\/pt\/168141\/","title":{"rendered":"Trump anuncia a\u00e7\u00e3o terrestre na Venezuela e Maduro pede prontid\u00e3o"},"content":{"rendered":"<p>                Donald Trump acusou especificamente a Venezuela, na quinta-feira, de ser um fator-chave no tr\u00e1fico de droga que inunda o mercado norte-americano, acusa\u00e7\u00e3o que Caracas nega. O presidente norte-americano aumentou a press\u00e3o ao enviar o maior porta-avi\u00f5es do mundo, o USS Gerald Ford, para o Mar das Cara\u00edbas, em meados de novembro.<\/p>\n<p><b>&#8220;Provavelmente j\u00e1 perceberam que as pessoas j\u00e1 n\u00e3o querem entregar (drogas) por mar, e vamos come\u00e7ar a prend\u00ea-las tamb\u00e9m em terra&#8221;<\/b>, afirmou o presidente norte-americano durante um discurso televisivo de A\u00e7\u00e3o de Gra\u00e7as \u00e0s For\u00e7as Armadas. &#8220;A rota terrestre \u00e9 mais f\u00e1cil, mas isso vai come\u00e7ar muito em breve&#8221;.<\/p>\n<p>          <img decoding=\"async\" itemprop=\"image\" class=\"img-fluid\"   src=\"https:\/\/www.europesays.com\/pt\/wp-content\/uploads\/2025\/11\/8e643ad32c63a007ee24ece9b80f2842_N.jpg\"\/><\/p>\n<p>O l\u00edder republicano, que n\u00e3o detalhou em que consistiriam as a\u00e7\u00f5es terrestres, destacou os ataques no mar das Cara\u00edbas e no Pac\u00edfico, onde as for\u00e7as norte-americanas mataram mais de 80 pessoas ao destru\u00edrem mais de 20 embarca\u00e7\u00f5es alegadamente ligadas ao narcotr\u00e1fico, maioritariamente da Venezuela, desde 1 de setembro.<\/p>\n<p>Segundo o presidente norte-americano, o tr\u00e1fico mar\u00edtimo de droga &#8220;foi interrompido em cerca de 85 por cento&#8221;.<\/p>\n<p><b>As a\u00e7\u00f5es foram levadas a cabo por um destacamento militar naval e terrestre na regi\u00e3o, que inclui o maior navio militar do mundo, o porta-avi\u00f5es Gerald R. Ford, com quatro mil soldados e 75 ca\u00e7as a bordo, que o l\u00edder venezuelano, Nicol\u00e1s Maduro, interpreta como uma tentativa de o afastar do poder. <\/b><\/p>\n<p>Desde setembro, as for\u00e7as norte-americanas visaram mais de 20 embarca\u00e7\u00f5es suspeitas de tr\u00e1fico de droga no Mar das Cara\u00edbas e no Pac\u00edfico Leste, resultando em pelo menos 83 mortes. Trata-se de &#8220;execu\u00e7\u00f5es extrajudiciais&#8221;, segundo a ONU.A regi\u00e3o das Cara\u00edbas foi palco, na segunda-feira, &#13;<br \/>\nde demonstra\u00e7\u00f5es de bombardeiros B-52H, revelou a for\u00e7a a\u00e9rea &#13;<br \/>\nnorte-americana na quarta-feira.<\/p>\n<p>Na quinta-feira, a bordo do porta-avi\u00f5es Gerald Ford, o secret\u00e1rio da Defesa, Pete Hegseth, homenageou os soldados norte-americanos em miss\u00f5es durante o Dia de A\u00e7\u00e3o de Gra\u00e7as, chamando-lhes &#8220;guerreiros que garantem a seguran\u00e7a&#8221;, tanto nos Estados Unidos como &#8220;no mar, combatendo os cart\u00e9is&#8221;.<\/p>\n<p>Washington tamb\u00e9m intensificou a press\u00e3o ao designar o Cartel dos S\u00f3is como uma organiza\u00e7\u00e3o terrorista estrangeira na segunda-feira. A exist\u00eancia desta organiza\u00e7\u00e3o continua por provar, segundo muitos especialistas, e Washington afirma que \u00e9 liderada pelo presidente Maduro.<\/p>\n<p><b>Antes do envio de tropas para as Cara\u00edbas, o Departamento de Justi\u00e7a dos EUA j\u00e1 tinha aumentado a recompensa por informa\u00e7\u00f5es que levassem \u00e0 captura de Nicol\u00e1s Maduro para 50 milh\u00f5es de d\u00f3lares.<\/b><\/p>\n<p>Donald Trump autorizou opera\u00e7\u00f5es secretas da CIA na Venezuela e n\u00e3o descartou uma interven\u00e7\u00e3o militar, tendo tamb\u00e9m afirmado que ir\u00e1 falar com MaduroEx\u00e9rcito venezuelano em alerta <br \/>&#13;<br \/>\nA Venezuela, alvo espec\u00edfico de Washington, afirma que Donald Trump est\u00e1 a agir de forma errada e que apenas cinco por cento das drogas produzidas na Col\u00f4mbia, o maior produtor mundial, transitam pelo pa\u00eds.<\/p>\n<p><b>O presidente venezuelano, Nicol\u00e1s Maduro, acredita que se trata, na verdade, de uma manobra militar para o derrubar e se apoderar das reservas de petr\u00f3leo do pa\u00eds, que j\u00e1 est\u00e3o sujeitas a um embargo e a san\u00e7\u00f5es econ\u00f3micas.<\/b><\/p>\n<p>Na quinta-feira, durante um discurso televisivo direcionado aos militares Maduro referiu que o pa\u00eds viveu &#8220;17 semanas de guerra psicol\u00f3gica&#8221; e pediu que o ex\u00e9rcito se mantivesse &#8220;imperturb\u00e1vel&#8221; e &#8220;em alerta&#8221; face \u00e0 presen\u00e7a militar norte-americana nas Cara\u00edbas. <\/p>\n<p>Nicol\u00e1s Maduro pediu aos elementos da for\u00e7a a\u00e9rea que estejam em &#8220;alerta, prontos e dispostos&#8221; a defenderem os direitos da Venezuela.<\/p>\n<p>          <img decoding=\"async\" itemprop=\"image\" class=\"img-fluid\"   src=\"https:\/\/www.europesays.com\/pt\/wp-content\/uploads\/2025\/11\/55522215f046f7cb19702baf238c2aa2_N.jpg\"\/><\/p>\n<p>&#8220;Pe\u00e7o-vos que estejam sempre imperturb\u00e1veis na vossa serenidade, alerta, prontos e dispostos a defender os nossos direitos como na\u00e7\u00e3o, como p\u00e1tria livre e soberana, e sei que nunca falhar\u00e3o \u00e0 Venezuela, sei que a Venezuela conta convosco&#8221;, afirmou o presidente venezuelano na quinta-feira.<\/p>\n<p>Maduro fez as declara\u00e7\u00f5es remotamente durante um evento liderado pelo ministro da Defesa, Vladimir Padrino L\u00f3pez, e por altos comandantes militares na base a\u00e9rea de Maracay, capital do estado de Aragua (norte), para assinalar o 105.\u00ba anivers\u00e1rio da cria\u00e7\u00e3o da For\u00e7a A\u00e9rea venezuelana.Na ocasi\u00e3o, as tropas realizaram um exerc\u00edcio de simula\u00e7\u00e3o da interce\u00e7\u00e3o de um avi\u00e3o e de tropas invasoras. <\/p>\n<p>&#13;<br \/>\nSem especificar, Padrino L\u00f3pez criticou governos que &#8220;se prestam ao jogo imperialista para militarizar as Cara\u00edbas&#8221; e apelou para que deixem de agir contra os sentimentos dos seus povos.&#13;\n<\/p>\n<p>\nO ministro da Defesa fez a declara\u00e7\u00e3o no mesmo dia em que o secret\u00e1rio de Guerra dos EUA, Pete Hegseth, visitou o USS Gerald R. Ford, para agradecer \u00e0s tropas por enfrentarem os cart\u00e9is da droga.<\/p>\n<p><b>Nos \u00faltimos dias, foi registada uma atividade constante de ca\u00e7as norte-americanos a apenas algumas dezenas de quil\u00f3metros da costa venezuelana, de acordo com sites de rastreamento de aeronaves.<\/b><br \/>&#13;<br \/>\nA Rep\u00fablica Dominicana, vizinha da Venezuela, tamb\u00e9m autorizou esta semana os Estados Unidos a utilizar instala\u00e7\u00f5es aeroportu\u00e1rias como parte do seu destacamento, enquanto a ilha de Trinidad e Tobago, situada a apenas cerca de dez quil\u00f3metros da Venezuela, acolheu recentemente exerc\u00edcios dos fuzileiros norte-americanos.\u00a0<br \/>&#13;<br \/>\nCaracas tem dado mais cobertura medi\u00e1tica do que antes \u00e0s suas opera\u00e7\u00f5es contra o narcotr\u00e1fico, exibindo regularmente imagens, por vezes espetaculares, de explos\u00f5es em laborat\u00f3rios, destrui\u00e7\u00e3o de pistas de aterragem clandestinas e abate de pequenas aeronaves. <b>No final de outubro, o ex\u00e9rcito venezuelano anunciou a destrui\u00e7\u00e3o de dois acampamentos descritos como pertencentes a &#8220;narcoterroristas colombianos&#8221; no sul do pa\u00eds.<\/b><\/p>\n<p><b>No plano interno, e tamb\u00e9m devido \u00e0s manobras militares na regi\u00e3o, a Venezuela despertou na quinta-feira com a atividade a\u00e9rea civil reduzida<\/b>, com Caracas a cumprir a amea\u00e7a na noite de quarta-feira de revogar as licen\u00e7as das companhias a\u00e9reas TAP, Iberia, Turkish Airlines, Avianca, Latam Colombia e Gol, que acusou de se &#8220;unirem aos atos terroristas&#8221; promovidos pelos EUA.<\/p>\n<p>O Aeroporto Internacional de Maiquetia, que serve Caracas, operou na quinta-feira com uma oferta limitada de viagens, estando previstas apenas sete partidas e sete chegadas, no mesmo dia em que a Associa\u00e7\u00e3o Internacional de Transporte A\u00e9reo (IATA), que engloba mais de 300 companhias a\u00e9reas de todo o mundo, instou as autoridades venezuelanas a reconsiderarem a revoga\u00e7\u00e3o das concess\u00f5es de voos.<\/p>\n<p>Durante a 19.\u00aa edi\u00e7\u00e3o da Comiss\u00e3o Intergovernamental de Alto N\u00edvel R\u00fassia-Venezuela, realizada virtualmente, a vice-presidente venezuelana Delcy Rodr\u00edguez acusou a Administra\u00e7\u00e3o Trump de tentar isolar o pa\u00eds sul-americano e de pressionar outros a impedirem as companhias a\u00e9reas de voarem para Caracas.<\/p>\n<p>Neste contexto, apelou a um aumento dos voos entre a capital venezuelana e Moscovo.<\/p>\n<p>A Administra\u00e7\u00e3o Federal de Avia\u00e7\u00e3o dos Estados Unidos (FAA) tinha apelado, na sexta-feira passada, \u00e0 &#8220;extrema cautela&#8221; das companhias a\u00e9reas no sobrevoo da Venezuela e sul das Cara\u00edbas, o que levou a uma cascata de cancelamentos de voos para o pa\u00eds sul-americano.<\/p>\n<p>&#13;<br \/>\nNa quinta-feira, o Governo portugu\u00eas avisou a Venezuela que n\u00e3o cederia a amea\u00e7as, ap\u00f3s a revoga\u00e7\u00e3o da concess\u00e3o de voo da TAP, que voa para o pa\u00eds h\u00e1 quase 50 anos, enquanto a companhia a\u00e9rea espanhola Iberia disse esperar retomar os voos o mais rapidamente poss\u00edvel, logo que estejam reunidas todas as condi\u00e7\u00f5es de seguran\u00e7a para os passageiros.&#13;\n<\/p>\n<p>&#13;<br \/>\nc\/ ag\u00eancias&#13;<\/p>\n","protected":false},"excerpt":{"rendered":"Donald Trump acusou especificamente a Venezuela, na quinta-feira, de ser um fator-chave no tr\u00e1fico de droga que inunda&hellip;\n","protected":false},"author":2,"featured_media":168142,"comment_status":"","ping_status":"","sticky":false,"template":"","format":"standard","meta":{"footnotes":""},"categories":[50],"tags":[8551,35282,27,28,15,16,14,25,26,21,22,62,12,13,19,20,23,24,35281,17,18,29,30,31,63,64,65],"class_list":{"0":"post-168141","1":"post","2":"type-post","3":"status-publish","4":"format-standard","5":"has-post-thumbnail","7":"category-mundo","8":"tag-acao","9":"tag-aragua","10":"tag-breaking-news","11":"tag-breakingnews","12":"tag-featured-news","13":"tag-featurednews","14":"tag-headlines","15":"tag-latest-news","16":"tag-latestnews","17":"tag-main-news","18":"tag-mainnews","19":"tag-mundo","20":"tag-news","21":"tag-noticias","22":"tag-noticias-principais","23":"tag-noticiasprincipais","24":"tag-principais-noticias","25":"tag-principaisnoticias","26":"tag-tap-iberia-turkish-airlines-avianca-latam-colombia","27":"tag-top-stories","28":"tag-topstories","29":"tag-ultimas","30":"tag-ultimas-noticias","31":"tag-ultimasnoticias","32":"tag-world","33":"tag-world-news","34":"tag-worldnews"},"share_on_mastodon":{"url":"https:\/\/pubeurope.com\/@pt\/115627158918641017","error":""},"_links":{"self":[{"href":"https:\/\/www.europesays.com\/pt\/wp-json\/wp\/v2\/posts\/168141","targetHints":{"allow":["GET"]}}],"collection":[{"href":"https:\/\/www.europesays.com\/pt\/wp-json\/wp\/v2\/posts"}],"about":[{"href":"https:\/\/www.europesays.com\/pt\/wp-json\/wp\/v2\/types\/post"}],"author":[{"embeddable":true,"href":"https:\/\/www.europesays.com\/pt\/wp-json\/wp\/v2\/users\/2"}],"replies":[{"embeddable":true,"href":"https:\/\/www.europesays.com\/pt\/wp-json\/wp\/v2\/comments?post=168141"}],"version-history":[{"count":0,"href":"https:\/\/www.europesays.com\/pt\/wp-json\/wp\/v2\/posts\/168141\/revisions"}],"wp:featuredmedia":[{"embeddable":true,"href":"https:\/\/www.europesays.com\/pt\/wp-json\/wp\/v2\/media\/168142"}],"wp:attachment":[{"href":"https:\/\/www.europesays.com\/pt\/wp-json\/wp\/v2\/media?parent=168141"}],"wp:term":[{"taxonomy":"category","embeddable":true,"href":"https:\/\/www.europesays.com\/pt\/wp-json\/wp\/v2\/categories?post=168141"},{"taxonomy":"post_tag","embeddable":true,"href":"https:\/\/www.europesays.com\/pt\/wp-json\/wp\/v2\/tags?post=168141"}],"curies":[{"name":"wp","href":"https:\/\/api.w.org\/{rel}","templated":true}]}}