{"id":168143,"date":"2025-11-28T11:46:14","date_gmt":"2025-11-28T11:46:14","guid":{"rendered":"https:\/\/www.europesays.com\/pt\/168143\/"},"modified":"2025-11-28T11:46:14","modified_gmt":"2025-11-28T11:46:14","slug":"gouveia-e-melo-e-ventura-na-segunda-volta-e-possivel-e-o-sistema-tera-de-renascer-das-cinzas","status":"publish","type":"post","link":"https:\/\/www.europesays.com\/pt\/168143\/","title":{"rendered":"Gouveia e Melo e Ventura na segunda volta? \u00c9 poss\u00edvel e o sistema ter\u00e1 de renascer das cinzas"},"content":{"rendered":"<p>N\u00e3o \u00e9 o foto finish que s\u00f3 aparecer\u00e1 com a contagem dos votos na noite eleitoral. \u00c9 antes uma foto tirada ainda longe da meta, mas que nos faz pensar que as duas vagas para a segunda volta t\u00eam apenas tr\u00eas candidatos. Analisamos a sondagem com a ajuda da editora de pol\u00edtica do Expresso, Eunice Louren\u00e7o.<\/p>\n<p>Neste podcast di\u00e1rio, Paulo Baldaia conversa com os jornalistas da reda\u00e7\u00e3o do Expresso, correspondentes internacionais e comentadores. De segunda a sexta-feira, a an\u00e1lise das not\u00edcias que sobrevivem \u00e0 espuma dos dias. Oi\u00e7a aqui outros epis\u00f3dios:<\/p>\n","protected":false},"excerpt":{"rendered":"N\u00e3o \u00e9 o foto finish que s\u00f3 aparecer\u00e1 com a contagem dos votos na noite eleitoral. \u00c9 antes&hellip;\n","protected":false},"author":2,"featured_media":131045,"comment_status":"","ping_status":"","sticky":false,"template":"","format":"standard","meta":{"footnotes":""},"categories":[10],"tags":[27,28,15,16,14,25,26,21,22,12,13,19,20,32,23,24,33,17,18,29,30,31],"class_list":{"0":"post-168143","1":"post","2":"type-post","3":"status-publish","4":"format-standard","5":"has-post-thumbnail","7":"category-portugal","8":"tag-breaking-news","9":"tag-breakingnews","10":"tag-featured-news","11":"tag-featurednews","12":"tag-headlines","13":"tag-latest-news","14":"tag-latestnews","15":"tag-main-news","16":"tag-mainnews","17":"tag-news","18":"tag-noticias","19":"tag-noticias-principais","20":"tag-noticiasprincipais","21":"tag-portugal","22":"tag-principais-noticias","23":"tag-principaisnoticias","24":"tag-pt","25":"tag-top-stories","26":"tag-topstories","27":"tag-ultimas","28":"tag-ultimas-noticias","29":"tag-ultimasnoticias"},"share_on_mastodon":{"url":"https:\/\/pubeurope.com\/@pt\/115627162541481334","error":""},"_links":{"self":[{"href":"https:\/\/www.europesays.com\/pt\/wp-json\/wp\/v2\/posts\/168143","targetHints":{"allow":["GET"]}}],"collection":[{"href":"https:\/\/www.europesays.com\/pt\/wp-json\/wp\/v2\/posts"}],"about":[{"href":"https:\/\/www.europesays.com\/pt\/wp-json\/wp\/v2\/types\/post"}],"author":[{"embeddable":true,"href":"https:\/\/www.europesays.com\/pt\/wp-json\/wp\/v2\/users\/2"}],"replies":[{"embeddable":true,"href":"https:\/\/www.europesays.com\/pt\/wp-json\/wp\/v2\/comments?post=168143"}],"version-history":[{"count":0,"href":"https:\/\/www.europesays.com\/pt\/wp-json\/wp\/v2\/posts\/168143\/revisions"}],"wp:featuredmedia":[{"embeddable":true,"href":"https:\/\/www.europesays.com\/pt\/wp-json\/wp\/v2\/media\/131045"}],"wp:attachment":[{"href":"https:\/\/www.europesays.com\/pt\/wp-json\/wp\/v2\/media?parent=168143"}],"wp:term":[{"taxonomy":"category","embeddable":true,"href":"https:\/\/www.europesays.com\/pt\/wp-json\/wp\/v2\/categories?post=168143"},{"taxonomy":"post_tag","embeddable":true,"href":"https:\/\/www.europesays.com\/pt\/wp-json\/wp\/v2\/tags?post=168143"}],"curies":[{"name":"wp","href":"https:\/\/api.w.org\/{rel}","templated":true}]}}