{"id":168144,"date":"2025-11-28T11:48:13","date_gmt":"2025-11-28T11:48:13","guid":{"rendered":"https:\/\/www.europesays.com\/pt\/168144\/"},"modified":"2025-11-28T11:48:13","modified_gmt":"2025-11-28T11:48:13","slug":"filho-de-ivete-e-daniel-cady-reage-ao-anuncio-do-divorcio-famosos-enviam-apoio-celebridades","status":"publish","type":"post","link":"https:\/\/www.europesays.com\/pt\/168144\/","title":{"rendered":"Filho de Ivete e Daniel Cady reage ao an\u00fancio do div\u00f3rcio; famosos enviam apoio | Celebridades"},"content":{"rendered":"<p>                                        Ivete Sangalo e Daniel Cady ao lado dos filhos: Marcelo, Marina e Helena &#8211; Reprodu\u00e7\u00e3o\/Instagram<\/p>\n<p class=\"content-media__description\">Ivete Sangalo e Daniel Cady ao lado dos filhos: Marcelo, Marina e HelenaReprodu\u00e7\u00e3o\/Instagram<\/p>\n<p>                            Publicado 27\/11\/2025 21:00\n                    <\/p>\n<p>Rio &#8211; Marcelo Sangalo Cady, filho mais velho de Ivete Sangalo e Daniel Cady, reagiu \u00e0 publica\u00e7\u00e3o que anunciou o div\u00f3rcio dos pais, feita na noite desta quinta-feira (27). O jovem de 16 anos curtiu o post com a mensagem oficial divulgada pelo casal. A publica\u00e7\u00e3o tamb\u00e9m recebeu diversas manifesta\u00e7\u00f5es de apoio de celebridades nesse momento delicado para a fam\u00edlia.<\/p>\n<p>\u201cVeveta, querida. Te amamos\u201d, escreveu Tat\u00e1 Werneck. \u201cSiga com discernimento e paz\u201d, desejou Leandro Karnal. \u201cDesejo serenidade e Ori tranquilo para as transi\u00e7\u00f5es!\u201d, comentou o ex-BBB Fred Nic\u00e1cio. \u201cTodo o amor que houver nesse mundo\u201d, publicou Fernanda Abreu.<\/p>\n<p>Bruna Marquezine, Linn da Quebrada, Drica Moraes, Lucio Mauro Filho, Sophie Charlotte, Juliana Alves, Carlinhos Maia e Ingrid Guimar\u00e3es tamb\u00e9m demonstraram apoio com emojis de cora\u00e7\u00e3o nos coment\u00e1rios.<\/p>\n<p>Ivete e Daniel foram casados por 17 anos e, al\u00e9m de Marcelo, s\u00e3o pais das g\u00eameas Marina e Helena, de 7 anos.<\/p>\n","protected":false},"excerpt":{"rendered":"Ivete Sangalo e Daniel Cady ao lado dos filhos: Marcelo, Marina e Helena &#8211; Reprodu\u00e7\u00e3o\/Instagram Ivete Sangalo e&hellip;\n","protected":false},"author":2,"featured_media":168145,"comment_status":"","ping_status":"","sticky":false,"template":"","format":"standard","meta":{"footnotes":""},"categories":[145],"tags":[211,210,35277,1979,114,115,9290,35326,32,33],"class_list":{"0":"post-168144","1":"post","2":"type-post","3":"status-publish","4":"format-standard","5":"has-post-thumbnail","7":"category-celebridades","8":"tag-celebridades","9":"tag-celebrities","10":"tag-daniel-cady","11":"tag-divorcio","12":"tag-entertainment","13":"tag-entretenimento","14":"tag-ivete-sangalo","15":"tag-marcelo-sangalo","16":"tag-portugal","17":"tag-pt"},"share_on_mastodon":{"url":"https:\/\/pubeurope.com\/@pt\/115627170435794097","error":""},"_links":{"self":[{"href":"https:\/\/www.europesays.com\/pt\/wp-json\/wp\/v2\/posts\/168144","targetHints":{"allow":["GET"]}}],"collection":[{"href":"https:\/\/www.europesays.com\/pt\/wp-json\/wp\/v2\/posts"}],"about":[{"href":"https:\/\/www.europesays.com\/pt\/wp-json\/wp\/v2\/types\/post"}],"author":[{"embeddable":true,"href":"https:\/\/www.europesays.com\/pt\/wp-json\/wp\/v2\/users\/2"}],"replies":[{"embeddable":true,"href":"https:\/\/www.europesays.com\/pt\/wp-json\/wp\/v2\/comments?post=168144"}],"version-history":[{"count":0,"href":"https:\/\/www.europesays.com\/pt\/wp-json\/wp\/v2\/posts\/168144\/revisions"}],"wp:featuredmedia":[{"embeddable":true,"href":"https:\/\/www.europesays.com\/pt\/wp-json\/wp\/v2\/media\/168145"}],"wp:attachment":[{"href":"https:\/\/www.europesays.com\/pt\/wp-json\/wp\/v2\/media?parent=168144"}],"wp:term":[{"taxonomy":"category","embeddable":true,"href":"https:\/\/www.europesays.com\/pt\/wp-json\/wp\/v2\/categories?post=168144"},{"taxonomy":"post_tag","embeddable":true,"href":"https:\/\/www.europesays.com\/pt\/wp-json\/wp\/v2\/tags?post=168144"}],"curies":[{"name":"wp","href":"https:\/\/api.w.org\/{rel}","templated":true}]}}