{"id":168148,"date":"2025-11-28T11:53:13","date_gmt":"2025-11-28T11:53:13","guid":{"rendered":"https:\/\/www.europesays.com\/pt\/168148\/"},"modified":"2025-11-28T11:53:13","modified_gmt":"2025-11-28T11:53:13","slug":"streaming-veja-filmes-e-series-com-adultos-adolescentes-27-11-2025-ilustrada","status":"publish","type":"post","link":"https:\/\/www.europesays.com\/pt\/168148\/","title":{"rendered":"Streaming: Veja filmes e s\u00e9ries com adultos adolescentes &#8211; 27\/11\/2025 &#8211; Ilustrada"},"content":{"rendered":"<p>Esta \u00e9 a edi\u00e7\u00e3o da Maratonar, a newsletter da <strong>Folha <\/strong>que ajuda voc\u00ea a se achar no meio de tantas op\u00e7\u00f5es de <a href=\"https:\/\/www1.folha.uol.com.br\/folha-topicos\/series\/\" rel=\"nofollow noopener\" target=\"_blank\">s\u00e9ries<\/a> e filmes no <a href=\"https:\/\/www1.folha.uol.com.br\/folha-topicos\/streaming\/\" rel=\"nofollow noopener\" target=\"_blank\">streaming<\/a>. Quer receb\u00ea-la todas as sextas no seu email? Inscreva-se abaixo:<\/p>\n<p>    Maratonar<\/p>\n<p class=\"c-newsletter__subtitle\">Um guia com dicas de filmes e s\u00e9ries para assistir no streaming<\/p>\n<p><a href=\"https:\/\/www1.folha.uol.com.br\/ilustrada\/2025\/11\/como-stranger-things-aposta-em-novas-criancas-para-criar-seu-grande-final.shtml\" rel=\"nofollow noopener\" target=\"_blank\">&#8220;Stranger Things&#8221; est\u00e1, enfim, de volta para sua quinta e \u00faltima temporada na Netflix<\/a>. Ser\u00e3o tr\u00eas levas de epis\u00f3dios \u2014os quatro primeiros chegaram na \u00faltima quarta (26), com os tr\u00eas seguintes marcados para o dia de Natal (25) e o grande final na v\u00e9spera de Ano-Novo (31).<\/p>\n<p>Foram quase dez anos desde a estreia, em julho de 2016, com longos intervalos entre temporadas \u2014os epis\u00f3dios mais recentes chegaram ao streaming h\u00e1 mais de tr\u00eas anos, uma estrat\u00e9gia arriscada para um seriado sobre adolescentes em que a hist\u00f3ria n\u00e3o cobre um per\u00edodo t\u00e3o longo assim, de 1983 a 1987.<\/p>\n<p>Nesse ritmo, o elenco de &#8220;<a href=\"https:\/\/www1.folha.uol.com.br\/folha-topicos\/stranger-things\/\" rel=\"nofollow noopener\" target=\"_blank\">Stranger Things<\/a>&#8221; logo poder\u00e1 se juntar ao de &#8220;Espi\u00e3o Infiltrado&#8221;, num crossover de s\u00e9ries da <a href=\"https:\/\/www1.folha.uol.com.br\/folha-topicos\/netflix\/\" rel=\"nofollow noopener\" target=\"_blank\">Netflix<\/a>. <a href=\"https:\/\/www.whatsalanwatching.com\/review-stranger-things-stays-close-to-home-for-final-season\/\" target=\"_blank\" rel=\"nofollow noopener\">O cr\u00edtico de televis\u00e3o Alan Sepinwall brincou<\/a> que parte do elenco j\u00e1 parece ter idade para ter que tomar estatinas.<\/p>\n<p>Piadinhas \u00e0 parte, o casting de jovens adultos em pap\u00e9is adolescentes n\u00e3o \u00e9 nenhuma novidade. Facilita a vida dos roteiristas, ao permitir contar hist\u00f3rias mais maduras ou com temas mais arriscados (e, talvez, com melhores atua\u00e7\u00f5es), e tamb\u00e9m a da produ\u00e7\u00e3o em si, j\u00e1 que menores de idade t\u00eam uma s\u00e9rie de restri\u00e7\u00f5es para trabalhar \u2014limite de horas e exig\u00eancias escolares, entre outras.<\/p>\n<p>Na lista de hoje, trago s\u00e9ries e filmes em que adultos interpretam adolescentes com n\u00edveis vari\u00e1veis de sucesso em esconder que t\u00eam boletos a pagar.<\/p>\n<p><b>Eu Nunca (2020-23)<\/b><\/p>\n<p>Never Have I Ever. Netflix, quatro temporadas, 40 epis\u00f3dios. <\/p>\n<p>Um exemplo recente e muito \u00f3bvio \u00e9 o caso do bonit\u00e3o Paxton Hall-Yoshida, interpretado por Darren Barnet (nascido em 1991), que parece t\u00e3o mais velho que a protagonista, Devi (Maitreyi Ramakrishnan, nascida no final de 2001), que levanta suspeitas de estarmos assistindo a um remake invertido de &#8220;Nunca Fui Beijada&#8221; (1999, Disney+) ou de uma sequ\u00eancia de &#8220;Anjos da Lei&#8221; (2012, MGM+ e Universal+).<\/p>\n<p><b>Grease: Nos Tempos da Brilhantina (1978)<\/b><\/p>\n<p>Grease. Telecine (at\u00e9 30.nov), Mercado Play, Oldflix, 110 min. <\/p>\n<p>Situado no final dos anos 1950, o filme tem uma escala\u00e7\u00e3o perfeita: Stockard Channing, que de fato tinha idade para estar no ensino m\u00e9dio em 1959. Infelizmente, o filme em si foi rodado em 1977, quando Channing tinha 33 anos. Mas como ela est\u00e1 cercada de outros adultos \u2014Olivia Newton-John tinha 29 anos, John Travolta, 23, Jeff Conaway, 27\u2014 d\u00e1 aquela disfar\u00e7ada.<\/p>\n<p><strong><a href=\"https:\/\/www1.folha.uol.com.br\/ilustrada\/2022\/12\/avatar-o-caminho-da-agua-mergulha-o-cinema-no-mar-e-soa-alerta-ao-meio-ambiente.shtml\" rel=\"nofollow noopener\" target=\"_blank\">Avatar: O Caminho da \u00c1gua (2022)<\/a><\/strong><\/p>\n<p>Avatar: The Way of Water. Disney+, 192 min. <\/p>\n<p>H\u00e1 outros jeitos de se disfar\u00e7ar que tem um adulto interpretando um adolescente. Por exemplo, as camadas e camadas de efeitos especiais que transformam Sigourney Weaver, nascida em 1949, em Kiri, a filha de 14 anos do avatar na\u2019vi da dr. Grace Augustine, papel de Weaver no primeiro filme.<\/p>\n<p><b>Aline: A Voz do Amor (2020)<\/b><\/p>\n<p>Aline. Filmelier+, 126 min. <\/p>\n<p>Esp\u00e9cie de cinebiografia meio torta de C\u00e9line Dion, &#8220;Aline&#8221; se inspira na hist\u00f3ria da cantora de &#8220;My Heart Will Go On&#8221;, mas n\u00e3o a retrata exatamente. \u00c9 uma vers\u00e3o imaginada, num universo dois ou tr\u00eas graus para l\u00e1, em que a comediante e diretora Val\u00e9rie Lemercier, ent\u00e3o com 57 anos, interpreta a personagem principal da inf\u00e2ncia \u00e0 meia-idade usando truques de c\u00e2mera, maquiagem e muitos efeitos especiais. O resultado <a href=\"https:\/\/www1.folha.uol.com.br\/ilustrada\/2022\/06\/aline-reconta-carreira-de-celine-dion-e-humor-revela-grata-surpresa.shtml\" rel=\"nofollow noopener\" target=\"_blank\">agradou ao nosso S\u00e9rgio Alpendre<\/a>, mas <a href=\"https:\/\/www.nytimes.com\/2021\/07\/14\/movies\/cannes-aline-celine-dion.html\" target=\"_blank\" rel=\"nofollow noopener\">desconcertou<\/a> muitos outros.<\/p>\n<p><strong><a href=\"https:\/\/f5.folha.uol.com.br\/cinema-e-series\/2024\/02\/por-que-a-serie-gilmore-girls-se-tornou-uma-fonte-inesgotavel-de-conforto-televisivo.shtml\" rel=\"nofollow noopener\" target=\"_blank\">Tal M\u00e3e, Tal Filha (2000-07)<\/a><\/strong><\/p>\n<p>Gilmore Girls. Netflix e HBO Max, sete temporadas, 153 epis\u00f3dios. <\/p>\n<p>A diferen\u00e7a mais gritante no elenco n\u00e3o era entre as idades de Lauren Graham (33) e sua personagem, Lorelai (32), nem entre as de Alexis Bledel (18) e Rory (16), mas de Keiko Agena (27) e Lane (16), a melhor amiga de Rory. Sabendo dos n\u00fameros, faria mais sentido uma amizade entre Lorelai e Lane, mas confesso que eu s\u00f3 descobri isso depois de mais de uma temporada da s\u00e9rie (a gente n\u00e3o era t\u00e3o mergulhado na internet naqueles tempos, crian\u00e7as).<\/p>\n<p><b>O Espetacular Homem-Aranha (2012)<\/b><\/p>\n<p>The Amazing Spider-Man. Prime Video, HBO Max, Universal+, ClaroTV+, 136 min. <\/p>\n<p>Dos<a href=\"https:\/\/www1.folha.uol.com.br\/ilustrada\/2021\/12\/entenda-por-que-o-homem-aranha-passou-por-tantas-encarnacoes-em-20-anos.shtml\" rel=\"nofollow noopener\" target=\"_blank\"> v\u00e1rios &#8220;amig\u00f5es da vizinhan\u00e7a&#8221; que tivemos neste s\u00e9culo<\/a>, Andrew Garfield \u00e9 o que esteve mais distante da idade correta para interpretar um Peter Parker colegial: em 2010, quando &#8220;O Espetacular Homem-Aranha&#8221; come\u00e7ou a ser rodado, o ingl\u00eas j\u00e1 tinha 27 anos nas costas.<\/p>\n<p>S\u00e3o s\u00f3 dois anos a mais do que tinha seu antecessor, Tobey Maguire, que vestiu o uniforme aos 25 \u2014rodado em 2000, &#8220;Homem-Aranha&#8221; (ClaroTV+, Sony One e HBO Max) s\u00f3 estreou em 2002. Menos discrepante foi a escala\u00e7\u00e3o de Tom Holland, que assumiu o manto em 2016, aos 20, em &#8220;Capit\u00e3o Am\u00e9rica: Guerra Civil&#8221; (Disney+).<\/p>\n<p>O que est\u00e1 chegando<\/p>\n<p>As novidades nas principais plataformas de streaming<\/p>\n<p><strong><a href=\"https:\/\/www1.folha.uol.com.br\/ilustrada\/2025\/11\/o-natal-dos-silva-e-boa-estreia-da-filmes-de-plastico-na-televisao.shtml\" rel=\"nofollow noopener\" target=\"_blank\">O Natal dos Silva<\/a><\/strong><\/p>\n<p>Canal Brasil (Globoplay Premium). Cinco epis\u00f3dios, estreias \u00e0s quintas.<\/p>\n<p>Miniss\u00e9rie criada por Gabriel Martins, diretor de<a href=\"https:\/\/guia.folha.uol.com.br\/cinema\/2022\/08\/marte-um-promete-mais-do-que-cumpre-ao-costurar-brasil-conservador-feminismo-e-racismo.shtml\" rel=\"nofollow noopener\" target=\"\"> &#8220;Marte Um&#8221;<\/a> (2022, Globoplay e Telecine), acompanha o primeiro Natal dos Silvas, uma fam\u00edlia tipicamente brasileira de Belo Horizonte, desde a morte da matriarca, dona Zelina. Bel (Rejane Faria) assume o papel de manter as tradi\u00e7\u00f5es de p\u00e9, mas ter\u00e1 que lidar com os irm\u00e3os e suas novidades, como Luciano (Robert Frank) anunciando que pretende se casar com a nova namorada, Lin (Aisha Bruno).<\/p>\n<p><b>A Garota Canhota <\/b><\/p>\n<p>Left-Handed Girl. Estreia nesta sexta (28) na Netflix, 109 min.<\/p>\n<p>Shu-Fen (Janel Tsai), m\u00e3e solo, se muda com as duas filhas para Taip\u00e9 e abre uma barraca de comida em um mercado noturno. Em meio a esse cen\u00e1rio vibrante, as tr\u00eas custam a se adaptar \u00e0 sua nova realidade. Escrito e dirigido por Tsou Shih-Ching, colaboradora de longa data de Sean Baker (&#8220;Anora&#8221;), que produz e edita este filme. Escolhido para representar Taiwan no Oscar, fez parte da programa\u00e7\u00e3o da Mostra Internacional de <a href=\"https:\/\/www1.folha.uol.com.br\/folha-topicos\/cinema\/\" rel=\"nofollow noopener\" target=\"_blank\">Cinema<\/a> de S\u00e3o Paulo.<\/p>\n<p><strong><a href=\"https:\/\/www1.folha.uol.com.br\/ilustrada\/2025\/08\/os-enforcados-alfineta-crimes-da-elite-brasileira-e-leva-macbeth-ao-carnaval.shtml\" rel=\"nofollow noopener\" target=\"\">Os Enforcados (2024)<\/a><\/strong><\/p>\n<p>Estreia nesta sexta (28) no Telecine, 123 min. <\/p>\n<p>Fernando Coimbra (&#8220;O Lobo Atr\u00e1s da Porta&#8221;) faz sua trag\u00e9dia shakespeariana carioca. Irandhir Santos interpreta Valerio, que hesita em assumir os neg\u00f3cios da fam\u00edlia no jogo do bicho ap\u00f3s a morte do pai. Sua esposa, Regina (Leandra Leal), por outro lado, v\u00ea no v\u00e1cuo de poder uma oportunidade.<\/p>\n<p><b>Flux Gourmet (2022) <\/b><\/p>\n<p>Mubi, 112 min.<\/p>\n<p>Mais um filme esquisit\u00e3o do diretor ingl\u00eas Peter Strickland, de &#8220;O Duque de Burgundy&#8221; (2014, indispon\u00edvel) e &#8220;Vestido Maldito&#8221; (2018, HBO Max). Neste, um trio de artistas experimentais formado por Asa Butterfield (&#8220;Sex Education&#8221;), Ariane Labed (&#8220;O Brutalista&#8221;) e Fatma Mohamed (frequente colaboradora de Strickland) ingressa em um instituto liderado por uma rica\u00e7a (Gwendoline Christie). Um jornalista (Makis Papadimitriou) \u00e9 contratado para documentar o projeto do trio, que envolve produzir m\u00fasica a partir dos sons de comidas.<\/p>\n<p><b>The Beatles Antologia (1995) <\/b><\/p>\n<p>The Beatles Anthology. Nove epis\u00f3dios, lan\u00e7ados tr\u00eas a tr\u00eas de quarta (26) a sexta (28).<\/p>\n<p>Vers\u00e3o restaurada e ampliada da s\u00e9rie documental que tra\u00e7a a hist\u00f3ria da maior banda do mundo. O nono epis\u00f3dio, novo, traz bastidores da vers\u00e3o original do document\u00e1rio, de 1995, quando Paul McCartney, George Harrison e Ringo Starr se encontraram para preparar o especial e discutir o legado da banda.<\/p>\n<p>Veja antes que seja tarde<\/p>\n<p>Uma dica de filme ou s\u00e9rie que sair\u00e1 em breve das plataformas de streaming<\/p>\n<p><b>A Soma de Todos os Medos (2002)<\/b><\/p>\n<p>The Sum of All Fears. Dispon\u00edvel na Netflix at\u00e9 15.dez, 123 min.<\/p>\n<p>Jack Ryan (Ben Affleck), her\u00f3i da s\u00e9rie de livros de Tom Clancy, precisa evitar que neonazistas detonem uma bomba num jogo de futebol americano e deem in\u00edcio a uma guerra entre Estados Unidos e R\u00fassia.<\/p>\n","protected":false},"excerpt":{"rendered":"Esta \u00e9 a edi\u00e7\u00e3o da Maratonar, a newsletter da Folha que ajuda voc\u00ea a se achar no meio&hellip;\n","protected":false},"author":2,"featured_media":168149,"comment_status":"","ping_status":"","sticky":false,"template":"","format":"standard","meta":{"footnotes":""},"categories":[140],"tags":[470,114,115,147,148,236,146,716,4898,32,33,941,1611,940,218],"class_list":{"0":"post-168148","1":"post","2":"type-post","3":"status-publish","4":"format-standard","5":"has-post-thumbnail","7":"category-filmes","8":"tag-cinema","9":"tag-entertainment","10":"tag-entretenimento","11":"tag-film","12":"tag-filmes","13":"tag-folha","14":"tag-movies","15":"tag-netflix","16":"tag-newsletters-da-folha","17":"tag-portugal","18":"tag-pt","19":"tag-series","20":"tag-stranger-things","21":"tag-streaming","22":"tag-televisao"},"share_on_mastodon":{"url":"https:\/\/pubeurope.com\/@pt\/115627190055463943","error":""},"_links":{"self":[{"href":"https:\/\/www.europesays.com\/pt\/wp-json\/wp\/v2\/posts\/168148","targetHints":{"allow":["GET"]}}],"collection":[{"href":"https:\/\/www.europesays.com\/pt\/wp-json\/wp\/v2\/posts"}],"about":[{"href":"https:\/\/www.europesays.com\/pt\/wp-json\/wp\/v2\/types\/post"}],"author":[{"embeddable":true,"href":"https:\/\/www.europesays.com\/pt\/wp-json\/wp\/v2\/users\/2"}],"replies":[{"embeddable":true,"href":"https:\/\/www.europesays.com\/pt\/wp-json\/wp\/v2\/comments?post=168148"}],"version-history":[{"count":0,"href":"https:\/\/www.europesays.com\/pt\/wp-json\/wp\/v2\/posts\/168148\/revisions"}],"wp:featuredmedia":[{"embeddable":true,"href":"https:\/\/www.europesays.com\/pt\/wp-json\/wp\/v2\/media\/168149"}],"wp:attachment":[{"href":"https:\/\/www.europesays.com\/pt\/wp-json\/wp\/v2\/media?parent=168148"}],"wp:term":[{"taxonomy":"category","embeddable":true,"href":"https:\/\/www.europesays.com\/pt\/wp-json\/wp\/v2\/categories?post=168148"},{"taxonomy":"post_tag","embeddable":true,"href":"https:\/\/www.europesays.com\/pt\/wp-json\/wp\/v2\/tags?post=168148"}],"curies":[{"name":"wp","href":"https:\/\/api.w.org\/{rel}","templated":true}]}}