{"id":16815,"date":"2025-08-05T09:28:17","date_gmt":"2025-08-05T09:28:17","guid":{"rendered":"https:\/\/www.europesays.com\/pt\/16815\/"},"modified":"2025-08-05T09:28:17","modified_gmt":"2025-08-05T09:28:17","slug":"chega-acusa-ricardo-leao-de-populismo-e-cdu-cola-o-edil-de-loures-a-extrema-direita-diario-de-noticias","status":"publish","type":"post","link":"https:\/\/www.europesays.com\/pt\/16815\/","title":{"rendered":"Chega acusa Ricardo Le\u00e3o de \u201cpopulismo\u201d e CDU cola o edil de Loures \u00e0 extrema-direita &#8211; Di\u00e1rio de Not\u00edcias"},"content":{"rendered":"<ol>\n<li><a href=\"https:\/\/news.google.com\/rss\/articles\/CBMiwwFBVV95cUxQRnlmeXpRXzgwMS02d2cyM09KTlQwRXhnZ2JkdV9ud1MzQ1NncHpzekE1TmhLclU4MTJpS3J4cEZCUHBWam5JMnZSWFE4OXZOQjdtVXY2U19XaWk5Ykc4X21tckFpejVVbGp0OFB0UHBrRF9QOTR3a1lpNktGdHBsOXkzc0x4d2szblNyZUM1bTl1cXd6NUhSVWtkbVZjZ1labWs0bU5FUVNUaUZDWENlc0cwZnMxcHo3X09NeU1FTVBTWVU?oc=5\" target=\"_blank\" rel=\"nofollow noopener\">Chega acusa Ricardo Le\u00e3o de \u201cpopulismo\u201d e CDU cola o edil de Loures \u00e0 extrema-direita<\/a>&nbsp;&nbsp;Di\u00e1rio de Not\u00edcias<\/li>\n<li><a href=\"https:\/\/news.google.com\/rss\/articles\/CBMi7wFBVV95cUxPaVhlZTZ4ZmJOV1V5NGxGZkQ0NGJsblhBMFFCNWlhbXZTUWQtdHZBN01rRFlaMjd3X2tnMGxISXFhNlZDcHR6RkdpaTdpYjdjZjBVN0FrS1NtM0RWaUQxM1RaODNxdU8zSGp5ay1aeVhtM2RrR0M0OTNFYnhKZW9FbFR3VFFHa3otX0dGYjYyMW1VVjAzekkxcHJxVGJzQ1VGSlBWSGVvcE1XS1RjTGxpdkhGdEcwOVNsdzYzVjREbXBSSFJDSGppY0F3aHJaVzRRalUwclBKWE1tS00zQnlxUFNVN21QRVZTenRuVDluOA?oc=5\" target=\"_blank\" rel=\"nofollow noopener\">Le\u00e3o aprova 150 mil euros para apoiar igreja de Bieber<\/a>&nbsp;&nbsp;Observador<\/li>\n<li><a href=\"https:\/\/news.google.com\/rss\/articles\/CBMiwgFBVV95cUxNVjVxdnEyUW9hVTRJaVo5ZXJ5SnVITnFvbEJiTG9tQTNNR2xhV01YWUUyc09OR3NlSGl3OTZrS0d0VmdvTm1RVmJldUVPZ0NuUW9vQ2hrVUpmSGp1RjdBbWNpbEZSSGc0c2g5UWtGTjJTWVZiQThBT0RLOFphMUE4U05oMFNoTWlHU0EyTjdQWGg4YTZTTndQdy1pVnZxVlMyVGV0a0VZdjRRMWp5aTRJNTU1el8zQlEtVGdHeHBudkliZw?oc=5\" target=\"_blank\" rel=\"nofollow noopener\">C\u00e2mara de Loures aprova subs\u00eddio de 150 mil euros para pol\u00e9mica \u2018igreja dos famosos\u2019<\/a>&nbsp;&nbsp;Executive Digest<\/li>\n<li><a href=\"https:\/\/news.google.com\/rss\/articles\/CBMivAJBVV95cUxPcE1VaWI5UXZmNGIxenMwREpFM3Fybk93clNacm03UWtnRGtFSHBScTdSRWFkLUdaUjAwOTdVM1AxWWJBVlc1VVRYMzJFdUdiOGdqOXNLNEl6RkJxYTNWbUpZMFk4MEpGSUw3bHcwNkpCVm9BcUg4dG4wejJpOG5CUEJ0Wmh5OF9FOGN3a0pJdzFuNDNzaWIycFcyM1VmSExhbWs5SXJ5SmQwSEg5TlZYb0ZqdDBpUnVoU0lUVldxUjFxVlhqNS1kVi02dmxTNzF1dVVPM0tIWjZSNXJzRDJqOWVNck05bUd2S2JFeENGamlyeDNUVkNPN2RiOWtHcGhLU3VDdWw3WWNoNGdqN25ZNkIxNk5aNFUzd0FjTDFaYTRSRWd0ZXdMZWIwblB3NVhvTUdaS01yZ1JzS2Fx?oc=5\" target=\"_blank\" rel=\"nofollow noopener\">Newsletter\/ Os 150 mil euros que Loures dar\u00e1 \u00e0 igreja de Justin Bieber \u2013<\/a>&nbsp;&nbsp;Observador<\/li>\n<\/ol>\n","protected":false},"excerpt":{"rendered":"Chega acusa Ricardo Le\u00e3o de \u201cpopulismo\u201d e CDU cola o edil de Loures \u00e0 extrema-direita&nbsp;&nbsp;Di\u00e1rio de Not\u00edcias Le\u00e3o&hellip;\n","protected":false},"author":2,"featured_media":16816,"comment_status":"","ping_status":"","sticky":false,"template":"","format":"standard","meta":{"footnotes":""},"categories":[10],"tags":[27,28,6396,4861,1736,306,15,16,14,25,26,21,22,12,13,19,20,52,32,23,24,33,3098,17,18,29,30,31],"class_list":{"0":"post-16815","1":"post","2":"type-post","3":"status-publish","4":"format-standard","5":"has-post-thumbnail","7":"category-portugal","8":"tag-breaking-news","9":"tag-breakingnews","10":"tag-camara-de-loures","11":"tag-cdu","12":"tag-chega","13":"tag-edicao-impressa","14":"tag-featured-news","15":"tag-featurednews","16":"tag-headlines","17":"tag-latest-news","18":"tag-latestnews","19":"tag-main-news","20":"tag-mainnews","21":"tag-news","22":"tag-noticias","23":"tag-noticias-principais","24":"tag-noticiasprincipais","25":"tag-politica","26":"tag-portugal","27":"tag-principais-noticias","28":"tag-principaisnoticias","29":"tag-pt","30":"tag-ricardo-leao","31":"tag-top-stories","32":"tag-topstories","33":"tag-ultimas","34":"tag-ultimas-noticias","35":"tag-ultimasnoticias"},"share_on_mastodon":{"url":"","error":""},"_links":{"self":[{"href":"https:\/\/www.europesays.com\/pt\/wp-json\/wp\/v2\/posts\/16815","targetHints":{"allow":["GET"]}}],"collection":[{"href":"https:\/\/www.europesays.com\/pt\/wp-json\/wp\/v2\/posts"}],"about":[{"href":"https:\/\/www.europesays.com\/pt\/wp-json\/wp\/v2\/types\/post"}],"author":[{"embeddable":true,"href":"https:\/\/www.europesays.com\/pt\/wp-json\/wp\/v2\/users\/2"}],"replies":[{"embeddable":true,"href":"https:\/\/www.europesays.com\/pt\/wp-json\/wp\/v2\/comments?post=16815"}],"version-history":[{"count":0,"href":"https:\/\/www.europesays.com\/pt\/wp-json\/wp\/v2\/posts\/16815\/revisions"}],"wp:featuredmedia":[{"embeddable":true,"href":"https:\/\/www.europesays.com\/pt\/wp-json\/wp\/v2\/media\/16816"}],"wp:attachment":[{"href":"https:\/\/www.europesays.com\/pt\/wp-json\/wp\/v2\/media?parent=16815"}],"wp:term":[{"taxonomy":"category","embeddable":true,"href":"https:\/\/www.europesays.com\/pt\/wp-json\/wp\/v2\/categories?post=16815"},{"taxonomy":"post_tag","embeddable":true,"href":"https:\/\/www.europesays.com\/pt\/wp-json\/wp\/v2\/tags?post=16815"}],"curies":[{"name":"wp","href":"https:\/\/api.w.org\/{rel}","templated":true}]}}