{"id":168156,"date":"2025-11-28T12:00:21","date_gmt":"2025-11-28T12:00:21","guid":{"rendered":"https:\/\/www.europesays.com\/pt\/168156\/"},"modified":"2025-11-28T12:00:21","modified_gmt":"2025-11-28T12:00:21","slug":"da-maior-importancia-bagaco-de-azeitona-passa-de-residuo-a-recurso","status":"publish","type":"post","link":"https:\/\/www.europesays.com\/pt\/168156\/","title":{"rendered":"&#8220;Da maior import\u00e2ncia&#8221;: Baga\u00e7o de azeitona passa de res\u00edduo a recurso"},"content":{"rendered":"<p>&#8220;span class=&#8221;news_bold&#8221;&gt;A valoriza\u00e7\u00e3o do baga\u00e7o da azeitona como subproduto, deixando de ser considerado como res\u00edduo e passando a ser utilizado como recurso \u00e9 da maior import\u00e2ncia para o setor, designadamente porque os olivicultores podem agora rentabilizar economicamente aquilo que antes era considerado desperd\u00edcio&#8221;, defendeu, em comunicado, a CAP.<\/p>\n<p>O an\u00fancio desta medida foi feito pela ministra do Ambiente e Energia, Maria da Gra\u00e7a Carvalho, em Lisboa, no congresso que assinalou os 50 anos da confedera\u00e7\u00e3o.<\/p>\n<p>Os agricultores ressalvaram que esta decis\u00e3o precisa ainda de ser regulada, esperando que tal aconte\u00e7a num curto per\u00edodo de tempo.<\/p>\n<p>Ainda assim, a CAP destacou que esta medida tem um impacto econ\u00f3mico e social porque permite criar mais neg\u00f3cios e emprego, al\u00e9m de gerar mais inova\u00e7\u00e3o, mas tamb\u00e9m ambiental, ao permitir o reaproveitamento deste subproduto.<\/p>\n<p>Leia Tamb\u00e9m: <a href=\"https:\/\/www.noticiasaominuto.com\/pais\/2895758\/moradores-entregam-abaixo-assinado-a-camara-contra-venda-do-patio-da-quintinha\" target=\"_blank\" rel=\"noopener noreferrer nofollow\">Moradores entregam abaixo-assinado \u00e0 C\u00e2mara contra venda do P\u00e1tio da Quintinha<\/a><\/p>\n","protected":false},"excerpt":{"rendered":"&#8220;span class=&#8221;news_bold&#8221;&gt;A valoriza\u00e7\u00e3o do baga\u00e7o da azeitona como subproduto, deixando de ser considerado como res\u00edduo e passando a&hellip;\n","protected":false},"author":2,"featured_media":168157,"comment_status":"","ping_status":"","sticky":false,"template":"","format":"standard","meta":{"footnotes":""},"categories":[10],"tags":[27,28,15,16,14,25,26,21,22,12,13,19,20,32,23,24,33,17,18,29,30,31],"class_list":{"0":"post-168156","1":"post","2":"type-post","3":"status-publish","4":"format-standard","5":"has-post-thumbnail","7":"category-portugal","8":"tag-breaking-news","9":"tag-breakingnews","10":"tag-featured-news","11":"tag-featurednews","12":"tag-headlines","13":"tag-latest-news","14":"tag-latestnews","15":"tag-main-news","16":"tag-mainnews","17":"tag-news","18":"tag-noticias","19":"tag-noticias-principais","20":"tag-noticiasprincipais","21":"tag-portugal","22":"tag-principais-noticias","23":"tag-principaisnoticias","24":"tag-pt","25":"tag-top-stories","26":"tag-topstories","27":"tag-ultimas","28":"tag-ultimas-noticias","29":"tag-ultimasnoticias"},"share_on_mastodon":{"url":"https:\/\/pubeurope.com\/@pt\/115627217597718586","error":""},"_links":{"self":[{"href":"https:\/\/www.europesays.com\/pt\/wp-json\/wp\/v2\/posts\/168156","targetHints":{"allow":["GET"]}}],"collection":[{"href":"https:\/\/www.europesays.com\/pt\/wp-json\/wp\/v2\/posts"}],"about":[{"href":"https:\/\/www.europesays.com\/pt\/wp-json\/wp\/v2\/types\/post"}],"author":[{"embeddable":true,"href":"https:\/\/www.europesays.com\/pt\/wp-json\/wp\/v2\/users\/2"}],"replies":[{"embeddable":true,"href":"https:\/\/www.europesays.com\/pt\/wp-json\/wp\/v2\/comments?post=168156"}],"version-history":[{"count":0,"href":"https:\/\/www.europesays.com\/pt\/wp-json\/wp\/v2\/posts\/168156\/revisions"}],"wp:featuredmedia":[{"embeddable":true,"href":"https:\/\/www.europesays.com\/pt\/wp-json\/wp\/v2\/media\/168157"}],"wp:attachment":[{"href":"https:\/\/www.europesays.com\/pt\/wp-json\/wp\/v2\/media?parent=168156"}],"wp:term":[{"taxonomy":"category","embeddable":true,"href":"https:\/\/www.europesays.com\/pt\/wp-json\/wp\/v2\/categories?post=168156"},{"taxonomy":"post_tag","embeddable":true,"href":"https:\/\/www.europesays.com\/pt\/wp-json\/wp\/v2\/tags?post=168156"}],"curies":[{"name":"wp","href":"https:\/\/api.w.org\/{rel}","templated":true}]}}