{"id":168158,"date":"2025-11-28T12:02:15","date_gmt":"2025-11-28T12:02:15","guid":{"rendered":"https:\/\/www.europesays.com\/pt\/168158\/"},"modified":"2025-11-28T12:02:15","modified_gmt":"2025-11-28T12:02:15","slug":"queres-ter-mais-filhos-mae-ha-2-semanas-sara-sousa-pinto-responde","status":"publish","type":"post","link":"https:\/\/www.europesays.com\/pt\/168158\/","title":{"rendered":"&#8220;Queres ter mais filhos?&#8221;: m\u00e3e h\u00e1 2 semanas, Sara Sousa Pinto responde!"},"content":{"rendered":"<p>A viver a maternidade em pleno, <a href=\"https:\/\/selfie.iol.pt\/famosos\/sara-sousa-pinto\/sara-sousa-pinto-ja-e-mae-veja-as-primeiras-fotos-do-bebe\/20251109\/6910f65ad34e2bd5c6d3ce01\" target=\"_blank\" rel=\"nofollow noopener\">Sara Sousa Pinto<\/a> respondeu a algumas quest\u00f5es enviadas pelos seguidores do Instagram acerca do nascimento do filho, Rodrigo.<\/p>\n<p><a href=\"https:\/\/selfie.iol.pt\/famosos\/sara-sousa-pinto\/sara-sousa-pinto-revela-estive-33-horas-em-trabalho-de-parto\/20251126\/69275346d34e2bd5c6d476e0\" target=\"_blank\" rel=\"nofollow noopener\">Depois de revelar que esteve 33 horas em trabalho de parto<\/a>, a comunicadora assumiu:\u00a0&#8220;Eu costumo dizer que, se tivesse estado 33 horas em trabalho de parto &#8211; que j\u00e1 foi muito cansativo, muito frustrante &#8211; e, no fim, tivesse tido um parto muito complicado ou que tivesse que ir para uma ceriana de emerg\u00eancia, por exemplo, ia ficar muito, muito triste.&#8221;<\/p>\n<p>De seguida, Sara Sousa Pinto confessou: &#8220;O\u00a0meu parto foi espetacular, senti-me muito empoderada, com muito respeito da equipa, quer do meu obstetra, quer das enfermeiras, toda a gente que estava naquela sala foi espetacular comigo e \u00e9 uma experi\u00eancia, sem d\u00favida, a repetir. Portanto, sim, obviamente quero ter mais filhos, mas n\u00e3o me perguntem isso agora, est\u00e1 bem, que ele tem 15 dias!&#8221;.<\/p>\n<p>Veja, agora, o v\u00eddeo com as revela\u00e7\u00f5es de Sara Sousa Pinto.<\/p>\n","protected":false},"excerpt":{"rendered":"A viver a maternidade em pleno, Sara Sousa Pinto respondeu a algumas quest\u00f5es enviadas pelos seguidores do Instagram&hellip;\n","protected":false},"author":2,"featured_media":168159,"comment_status":"","ping_status":"","sticky":false,"template":"","format":"standard","meta":{"footnotes":""},"categories":[145],"tags":[2557,211,210,114,115,980,1015,619,32,33,23051,1012],"class_list":{"0":"post-168158","1":"post","2":"type-post","3":"status-publish","4":"format-standard","5":"has-post-thumbnail","7":"category-celebridades","8":"tag-bebe","9":"tag-celebridades","10":"tag-celebrities","11":"tag-entertainment","12":"tag-entretenimento","13":"tag-famosos","14":"tag-instagram","15":"tag-nacional","16":"tag-portugal","17":"tag-pt","18":"tag-sara-sousa-pinto","19":"tag-selfie"},"share_on_mastodon":{"url":"https:\/\/pubeurope.com\/@pt\/115627225485505874","error":""},"_links":{"self":[{"href":"https:\/\/www.europesays.com\/pt\/wp-json\/wp\/v2\/posts\/168158","targetHints":{"allow":["GET"]}}],"collection":[{"href":"https:\/\/www.europesays.com\/pt\/wp-json\/wp\/v2\/posts"}],"about":[{"href":"https:\/\/www.europesays.com\/pt\/wp-json\/wp\/v2\/types\/post"}],"author":[{"embeddable":true,"href":"https:\/\/www.europesays.com\/pt\/wp-json\/wp\/v2\/users\/2"}],"replies":[{"embeddable":true,"href":"https:\/\/www.europesays.com\/pt\/wp-json\/wp\/v2\/comments?post=168158"}],"version-history":[{"count":0,"href":"https:\/\/www.europesays.com\/pt\/wp-json\/wp\/v2\/posts\/168158\/revisions"}],"wp:featuredmedia":[{"embeddable":true,"href":"https:\/\/www.europesays.com\/pt\/wp-json\/wp\/v2\/media\/168159"}],"wp:attachment":[{"href":"https:\/\/www.europesays.com\/pt\/wp-json\/wp\/v2\/media?parent=168158"}],"wp:term":[{"taxonomy":"category","embeddable":true,"href":"https:\/\/www.europesays.com\/pt\/wp-json\/wp\/v2\/categories?post=168158"},{"taxonomy":"post_tag","embeddable":true,"href":"https:\/\/www.europesays.com\/pt\/wp-json\/wp\/v2\/tags?post=168158"}],"curies":[{"name":"wp","href":"https:\/\/api.w.org\/{rel}","templated":true}]}}