{"id":168164,"date":"2025-11-28T12:11:10","date_gmt":"2025-11-28T12:11:10","guid":{"rendered":"https:\/\/www.europesays.com\/pt\/168164\/"},"modified":"2025-11-28T12:11:10","modified_gmt":"2025-11-28T12:11:10","slug":"fracasso-do-iphone-air-leva-marcas-chinesas-a-parar-os-clones","status":"publish","type":"post","link":"https:\/\/www.europesays.com\/pt\/168164\/","title":{"rendered":"Fracasso do iPhone Air leva marcas chinesas a parar os clones"},"content":{"rendered":"<p>A aposta da Apple no iPhone Air parecia algo que teria futuro e que seria um sucesso de vendas. A realidade mostrou-se muito diferente do esperado e isso tem um novo impacto. At\u00e9 as marcas chinesas est\u00e3o a desistir dos seus clones do iPhone Air.<\/p>\n<p><a target=\"_blank\" href=\"https:\/\/pplware.sapo.pt\/wp-content\/uploads\/2025\/11\/iPhone_air_clone_1.jpg\" onclick=\"refreshIframe()\" class=\"foobox\" rel=\"nofollow noopener\"><img fetchpriority=\"high\" decoding=\"async\" src=\"https:\/\/www.europesays.com\/pt\/wp-content\/uploads\/2025\/11\/iPhone_air_clone_1-1024x576.jpg\" alt=\"iPhone Air clones marcas chinesas\" width=\"720\" height=\"405\" class=\"aligncenter size-large wp-image-1090729\"  \/><\/a>\n<\/p>\n<p>Fracasso do iPhone Air traz problemas a todos<\/p>\n<p>Que o iPhone Air n\u00e3o \u00e9 um sucesso comercial n\u00e3o \u00e9 novidade. O interesse pelo seu design n\u00e3o se traduziu em vendas massivas, o que afeta n\u00e3o s\u00f3 a Apple, mas tamb\u00e9m os seus concorrentes. Ao ponto de v\u00e1rias marcas chinesas j\u00e1 terem cancelado os seus planos de lan\u00e7ar clones ultrafinos do iPhone Air.<\/p>\n<p>Segundo o DigiTimes, que cita v\u00e1rias fontes da ind\u00fastria, as fracas vendas globais do iPhone Air levaram os fabricantes a reduzir os seus esfor\u00e7os para competir com o dispositivo. Neste sentido, indica que v\u00e1rias grandes empresas do mercado tecnol\u00f3gico chin\u00eas optaram por congelar ou suspender completamente os seus projetos.<\/p>\n<p><a target=\"_blank\" href=\"https:\/\/pplware.sapo.pt\/wp-content\/uploads\/2025\/11\/iPhone_air_clone_2.jpg\" onclick=\"refreshIframe()\" class=\"foobox\" rel=\"nofollow noopener\"><img loading=\"lazy\" decoding=\"async\" src=\"https:\/\/www.europesays.com\/pt\/wp-content\/uploads\/2025\/11\/iPhone_air_clone_2-1024x576.jpg\" alt=\"iPhone Air clones marcas chinesas\" width=\"720\" height=\"405\" class=\"aligncenter size-large wp-image-1090730\"  \/><\/a><\/p>\n<p>Um pormenor interessante referido \u00e9 que as marcas que supostamente ainda n\u00e3o cancelaram os seus clones do iPhone Air optaram por &#8220;ajustar os seus planos de desenvolvimento&#8221;. Isto significa provavelmente que os seus telefones ultrafinos ainda est\u00e3o em desenvolvimento, mas chegar\u00e3o mais tarde do que o esperado ou com caracter\u00edsticas diferentes das originalmente planeadas.<\/p>\n<p>Marcas chinesas param produ\u00e7\u00e3o dos seus clones<\/p>\n<p>O problema com o iPhone Air parece ser o mesmo do Samsung Galaxy S25 Edge. Os utilizadores n\u00e3o querem telem\u00f3veis ultrafinos se isso significar abdicar de outros aspetos. Ambos s\u00e3o exemplos claros disso. S\u00e3o atraentes, o que \u00e9 ineg\u00e1vel, mas t\u00eam baterias pequenas ou c\u00e2maras com recursos limitados. E os seus pre\u00e7os elevados tornam-nos menos ideais se comparados com outros modelos da mesma gama de pre\u00e7os ou fam\u00edlia.<\/p>\n<p><a target=\"_blank\" href=\"https:\/\/pplware.sapo.pt\/wp-content\/uploads\/2025\/11\/iPhone_air_clone_3.jpg\" onclick=\"refreshIframe()\" class=\"foobox\" rel=\"nofollow noopener\"><img loading=\"lazy\" decoding=\"async\" src=\"https:\/\/www.europesays.com\/pt\/wp-content\/uploads\/2025\/11\/iPhone_air_clone_3-1024x576.jpg\" alt=\"iPhone Air clones marcas chinesas\" width=\"720\" height=\"405\" class=\"aligncenter size-large wp-image-1090731\"  \/><\/a><\/p>\n<p>Se as marcas chinesas cancelaram ou interromperam realmente os seus planos de desenvolver clones do iPhone Air, \u00e9 um sinal preocupante. Isto n\u00e3o significa necessariamente que n\u00e3o veremos modelos inspirados na Apple ou na Samsung vindos de gigantes asi\u00e1ticas no futuro. No entanto, \u00e9 razo\u00e1vel supor que os fabricantes ter\u00e3o de refinar o conceito para o tornar mais atraente.<\/p>\n<p>Com ou sem clones, o iPhone Air ainda tem futuro na linha de produtos da Apple. Embora a produ\u00e7\u00e3o deste modelo tenha sido significativamente reduzida devido \u00e0 baixa procura, a empresa est\u00e1 a preparar uma segunda gera\u00e7\u00e3o. Esta nova vers\u00e3o poder\u00e1 apresentar duas c\u00e2maras traseiras e uma bateria melhorada, mas o seu lan\u00e7amento n\u00e3o \u00e9 esperado antes da primavera de 2027.<\/p>\n","protected":false},"excerpt":{"rendered":"A aposta da Apple no iPhone Air parecia algo que teria futuro e que seria um sucesso de&hellip;\n","protected":false},"author":2,"featured_media":168165,"comment_status":"","ping_status":"","sticky":false,"template":"","format":"standard","meta":{"footnotes":""},"categories":[84],"tags":[35327,109,107,108,35328,19493,551,32,33,105,103,104,106,110],"class_list":{"0":"post-168164","1":"post","2":"type-post","3":"status-publish","4":"format-standard","5":"has-post-thumbnail","7":"category-ciencia-e-tecnologia","8":"tag-chinesas","9":"tag-ciencia","10":"tag-ciencia-e-tecnologia","11":"tag-cienciaetecnologia","12":"tag-clones","13":"tag-iphone-air","14":"tag-marcas","15":"tag-portugal","16":"tag-pt","17":"tag-science","18":"tag-science-and-technology","19":"tag-scienceandtechnology","20":"tag-technology","21":"tag-tecnologia"},"share_on_mastodon":{"url":"https:\/\/pubeurope.com\/@pt\/115627261230085006","error":""},"_links":{"self":[{"href":"https:\/\/www.europesays.com\/pt\/wp-json\/wp\/v2\/posts\/168164","targetHints":{"allow":["GET"]}}],"collection":[{"href":"https:\/\/www.europesays.com\/pt\/wp-json\/wp\/v2\/posts"}],"about":[{"href":"https:\/\/www.europesays.com\/pt\/wp-json\/wp\/v2\/types\/post"}],"author":[{"embeddable":true,"href":"https:\/\/www.europesays.com\/pt\/wp-json\/wp\/v2\/users\/2"}],"replies":[{"embeddable":true,"href":"https:\/\/www.europesays.com\/pt\/wp-json\/wp\/v2\/comments?post=168164"}],"version-history":[{"count":0,"href":"https:\/\/www.europesays.com\/pt\/wp-json\/wp\/v2\/posts\/168164\/revisions"}],"wp:featuredmedia":[{"embeddable":true,"href":"https:\/\/www.europesays.com\/pt\/wp-json\/wp\/v2\/media\/168165"}],"wp:attachment":[{"href":"https:\/\/www.europesays.com\/pt\/wp-json\/wp\/v2\/media?parent=168164"}],"wp:term":[{"taxonomy":"category","embeddable":true,"href":"https:\/\/www.europesays.com\/pt\/wp-json\/wp\/v2\/categories?post=168164"},{"taxonomy":"post_tag","embeddable":true,"href":"https:\/\/www.europesays.com\/pt\/wp-json\/wp\/v2\/tags?post=168164"}],"curies":[{"name":"wp","href":"https:\/\/api.w.org\/{rel}","templated":true}]}}