{"id":168168,"date":"2025-11-28T12:14:17","date_gmt":"2025-11-28T12:14:17","guid":{"rendered":"https:\/\/www.europesays.com\/pt\/168168\/"},"modified":"2025-11-28T12:14:17","modified_gmt":"2025-11-28T12:14:17","slug":"ifap-pagamentos-novembro-2025-agroportal","status":"publish","type":"post","link":"https:\/\/www.europesays.com\/pt\/168168\/","title":{"rendered":"IFAP: Pagamentos Novembro 2025 &#8211; Agroportal"},"content":{"rendered":"\n<p>\tIFAP: Pagamentos Novembro 2025 &#8211; Agroportal<\/p>\n<p>\t\t\t\t\t\t<a href=\"https:\/\/www.europesays.com\/pt\/wp-content\/uploads\/2025\/11\/ifap-2.png\"><img fetchpriority=\"high\" loading=\"lazy\" width=\"750\" height=\"375\" src=\"https:\/\/www.europesays.com\/pt\/wp-content\/uploads\/2025\/11\/ifap-2-750x375.png\" class=\"attachment-jnews-750x375 size-jnews-750x375 wp-post-image\" alt=\"IFAP\" decoding=\"async\"  \/><\/a><\/p>\n<p>\t\t\t\t\t\t\t\t<img fetchpriority=\"high\" decoding=\"async\" width=\"1200\" height=\"628\" src=\"https:\/\/www.europesays.com\/pt\/wp-content\/uploads\/2025\/11\/ifap-2.png\" alt=\"\" class=\"img-print hidden\" loading=\"eager\"\/><\/p>\n<p>At\u00e9 ao dia <strong>28 de novembro de 2025<\/strong>, o IFAP ir\u00e1 proceder a pagamentos abrangendo <strong>86.060 benefici\u00e1rios<\/strong>, num montante total de cerca de <strong>291,4 milh\u00f5es de euros<\/strong>*, dos quais se destacam os seguintes:<\/p>\n<p>FEAGA<\/p>\n<ul>\n<li><strong>PEPAC Continente<\/strong>\n<ul>\n<li>Apoio redistributivo complementar (A.2.2) \u2013 48,5\u00a0milh\u00f5es\u00a0de\u00a0euros<\/li>\n<li>Reestrutura\u00e7\u00e3o e Convers\u00e3o de Vinhas (B.3.4) \u2013 2,3\u00a0milh\u00f5es\u00a0de\u00a0euros<\/li>\n<\/ul>\n<\/li>\n<li><strong>POSEI<\/strong>\n<ul>\n<li>Abastecimento \u2013 2,1\u00a0milh\u00f5es\u00a0de\u00a0euros<\/li>\n<li>Madeira| Medida 2 \u2013 2,0 milh\u00f5es de euros<\/li>\n<\/ul>\n<\/li>\n<\/ul>\n<p>FEADER<\/p>\n<ul>\n<li><strong>PEPAC Continente<\/strong>\n<ul>\n<li>Apoio \u00e0 Apicultura para a Biodiversidade (C.1.1.6) \u2013 1,5 milh\u00f5es de euros<\/li>\n<li>Produ\u00e7\u00e3o Integrada (C.1.1.7) \u2013 61,3 milh\u00f5es de euros<\/li>\n<li>Agricultura Biol\u00f3gica (C.1.1.8) \u2013 91,3 milh\u00f5es de euros<\/li>\n<li>Pagamento Rede Natura \u2013 11,6 milh\u00f5es de euros<\/li>\n<li>Seguros (C.4.1.1) \u2013 2,0 milh\u00f5es de euros<\/li>\n<li>Desenvolvimento do Regadio Sustent\u00e1vel (D.3.1) \u2013 25,5 milh\u00f5es de euros<\/li>\n<\/ul>\n<\/li>\n<li><strong>PEPAC Madeira<\/strong>\n<ul>\n<li>Apoio a zonas com condicionantes naturais ou espec\u00edficas (F.6.1 e F.6.2) \u2013 5,7 milh\u00f5es de euros<\/li>\n<\/ul>\n<\/li>\n<li><strong>PEPAC Portugal<\/strong>\n<ul>\n<li>Assist\u00eancia T\u00e9cnica \u2013 2,0 milh\u00f5es de euros<\/li>\n<\/ul>\n<\/li>\n<li><strong>PDR2020<\/strong>\n<ul>\n<li>Investimento \u2013 2,0\u00a0milh\u00f5es\u00a0de\u00a0euros<\/li>\n<\/ul>\n<\/li>\n<li><strong>PRODERAM2020<\/strong>\n<ul>\n<li>Investimento \u2013 5,1\u00a0milh\u00f5es\u00a0de\u00a0euros<\/li>\n<\/ul>\n<\/li>\n<li><strong>PRORURAL+<\/strong>\n<ul>\n<li>Investimento \u2013 4,7\u00a0milh\u00f5es\u00a0de\u00a0euros<\/li>\n<\/ul>\n<\/li>\n<\/ul>\n<p>FEAMPA<\/p>\n<ul>\n<li><strong>MAR2030<\/strong>\n<ul>\n<li>A\u00e7ores \u2013 3,4\u00a0milh\u00f5es\u00a0de\u00a0euros<\/li>\n<\/ul>\n<\/li>\n<\/ul>\n<p>PRR<\/p>\n<ul>\n<li>Investiga\u00e7\u00e3o &amp; Inova\u00e7\u00e3o, Pescas e Polos \u2013 1,9\u00a0milh\u00f5es\u00a0de\u00a0euros<\/li>\n<\/ul>\n<p>FUNDO AMBIENTAL<\/p>\n<ul>\n<li>\u00a0Apoio \u00e0 Redu\u00e7\u00e3o de Carga Combust\u00edvel em \u00c1rea de Baldio \u2013 4,5 milh\u00f5es de euros<\/li>\n<\/ul>\n<p>OUTROS PAGAMENTOS<\/p>\n<ul>\n<li>Apoio Extraordin\u00e1rio aos Produtores Pecu\u00e1rios afetados pelos Inc\u00eandios Rurais 2025 \u2013 2,0 milh\u00f5es de euros<\/li>\n<\/ul>\n<p>*\u00a0Valores previsionais.<\/p>\n<p>O artigo foi publicado originalmente em <a href=\"https:\/\/www.ifap.pt\/portal\/temprss\/-\/asset_publisher\/8NqcGH0YvyEu\/content\/id\/54829119\" target=\"_blank\" rel=\"noopener nofollow\">IFAP<\/a>.<\/p>\n<blockquote class=\"wp-embedded-content\" data-secret=\"lg14HD9bv0\">\n<p><a href=\"https:\/\/agroportal.pt\/ifap-pagamentos-outubro-2025\/\" rel=\"nofollow noopener\" target=\"_blank\">IFAP: Pagamentos Outubro 2025<\/a><\/p>\n<\/blockquote>\n<p>    <a href=\"#\" class=\"jeg_search_toggle\"><\/a><\/p>\n<p>\n        Sem Resultado    <\/p>\n<p>\n         Ver Todos Os Resultados    <\/p>\n<p>\u00a9 Agroportal. All Rights reserved.<\/p>\n","protected":false},"excerpt":{"rendered":"IFAP: Pagamentos Novembro 2025 &#8211; Agroportal At\u00e9 ao dia 28 de novembro de 2025, o IFAP ir\u00e1 proceder&hellip;\n","protected":false},"author":2,"featured_media":168169,"comment_status":"","ping_status":"","sticky":false,"template":"","format":"standard","meta":{"footnotes":""},"categories":[10],"tags":[27,28,15,16,14,25,26,21,22,12,13,19,20,32,23,24,33,17,18,29,30,31],"class_list":{"0":"post-168168","1":"post","2":"type-post","3":"status-publish","4":"format-standard","5":"has-post-thumbnail","7":"category-portugal","8":"tag-breaking-news","9":"tag-breakingnews","10":"tag-featured-news","11":"tag-featurednews","12":"tag-headlines","13":"tag-latest-news","14":"tag-latestnews","15":"tag-main-news","16":"tag-mainnews","17":"tag-news","18":"tag-noticias","19":"tag-noticias-principais","20":"tag-noticiasprincipais","21":"tag-portugal","22":"tag-principais-noticias","23":"tag-principaisnoticias","24":"tag-pt","25":"tag-top-stories","26":"tag-topstories","27":"tag-ultimas","28":"tag-ultimas-noticias","29":"tag-ultimasnoticias"},"share_on_mastodon":{"url":"https:\/\/pubeurope.com\/@pt\/115627272966900522","error":""},"_links":{"self":[{"href":"https:\/\/www.europesays.com\/pt\/wp-json\/wp\/v2\/posts\/168168","targetHints":{"allow":["GET"]}}],"collection":[{"href":"https:\/\/www.europesays.com\/pt\/wp-json\/wp\/v2\/posts"}],"about":[{"href":"https:\/\/www.europesays.com\/pt\/wp-json\/wp\/v2\/types\/post"}],"author":[{"embeddable":true,"href":"https:\/\/www.europesays.com\/pt\/wp-json\/wp\/v2\/users\/2"}],"replies":[{"embeddable":true,"href":"https:\/\/www.europesays.com\/pt\/wp-json\/wp\/v2\/comments?post=168168"}],"version-history":[{"count":0,"href":"https:\/\/www.europesays.com\/pt\/wp-json\/wp\/v2\/posts\/168168\/revisions"}],"wp:featuredmedia":[{"embeddable":true,"href":"https:\/\/www.europesays.com\/pt\/wp-json\/wp\/v2\/media\/168169"}],"wp:attachment":[{"href":"https:\/\/www.europesays.com\/pt\/wp-json\/wp\/v2\/media?parent=168168"}],"wp:term":[{"taxonomy":"category","embeddable":true,"href":"https:\/\/www.europesays.com\/pt\/wp-json\/wp\/v2\/categories?post=168168"},{"taxonomy":"post_tag","embeddable":true,"href":"https:\/\/www.europesays.com\/pt\/wp-json\/wp\/v2\/tags?post=168168"}],"curies":[{"name":"wp","href":"https:\/\/api.w.org\/{rel}","templated":true}]}}