{"id":168170,"date":"2025-11-28T12:16:20","date_gmt":"2025-11-28T12:16:20","guid":{"rendered":"https:\/\/www.europesays.com\/pt\/168170\/"},"modified":"2025-11-28T12:16:20","modified_gmt":"2025-11-28T12:16:20","slug":"escritoras-atuam-em-filme-sobre-carolina-maria-de-jesus-27-11-2025-monica-bergamo","status":"publish","type":"post","link":"https:\/\/www.europesays.com\/pt\/168170\/","title":{"rendered":"Escritoras atuam em filme sobre Carolina Maria de Jesus &#8211; 27\/11\/2025 &#8211; M\u00f4nica Bergamo"},"content":{"rendered":"<p>As escritoras <a href=\"https:\/\/www1.folha.uol.com.br\/folha-topicos\/conceicao-evaristo\/\" rel=\"nofollow noopener\" target=\"_blank\">Concei\u00e7\u00e3o Evaristo<\/a>, Eliana Alves Cruz e Fernanda Felisberto far\u00e3o uma participa\u00e7\u00e3o especial no filme sobre Carolina Maria de Jesus, que \u00e9 rodado no Rio de Janeiro.<\/p>\n<p>Elas v\u00e3o aparecer em uma cena que faz refer\u00eancia ao longa &#8220;Central do Brasil&#8221; (1998). Na produ\u00e7\u00e3o dirigida por Walter Salles, a protagonista Dora, vivida por <a href=\"https:\/\/www1.folha.uol.com.br\/folha-topicos\/fernanda-montenegro\/\" rel=\"nofollow noopener\" target=\"_blank\">Fernanda Montenegro<\/a>, trabalha redigindo cartas para pessoas analfabetas que querem se comunicar com parentes distantes.<\/p>\n<p>No filme atual, Carolina, interpretada pela atriz Maria Gal, preenche as ficas de despejo dos moradores da favela do Canind\u00e9. As escritoras far\u00e3o mulheres da comunidade que v\u00e3o pedir ajuda para ela.<\/p>\n<p>O longa \u00e9 uma adapta\u00e7\u00e3o do livro &#8220;Quarto de Despejo: Di\u00e1rio de uma Favelada&#8221;, de Carolina Maria de Jesus, publicado em 1960.<\/p>\n<p>Com o t\u00edtulo provis\u00f3rio &#8220;Carolina \u2013 Quarto de Despejo&#8221;, o filme tem produ\u00e7\u00e3o da Raccord Produ\u00e7\u00f5es, Move Maria e Buda Filmes, com coprodu\u00e7\u00e3o da <a href=\"https:\/\/www1.folha.uol.com.br\/folha-topicos\/globo\/\" rel=\"nofollow noopener\" target=\"_blank\">Globo<\/a> Filmes e distribui\u00e7\u00e3o da Elo Studios.<\/p>\n<p>com <strong>DIEGO ALEJANDRO, KARINA MATIAS e VICT\u00d3RIA C\u00d3COLO<\/strong><\/p>\n<p class=\"c-context__content\">&#13;<br \/>\n    <strong>LINK PRESENTE:<\/strong> Gostou deste texto? Assinante pode liberar sete acessos gratuitos de qualquer link por dia. Basta clicar no F azul abaixo.&#13;\n  <\/p>\n","protected":false},"excerpt":{"rendered":"As escritoras Concei\u00e7\u00e3o Evaristo, Eliana Alves Cruz e Fernanda Felisberto far\u00e3o uma participa\u00e7\u00e3o especial no filme sobre Carolina&hellip;\n","protected":false},"author":2,"featured_media":168171,"comment_status":"","ping_status":"","sticky":false,"template":"","format":"standard","meta":{"footnotes":""},"categories":[145],"tags":[207,35330,211,210,13515,470,35329,114,115,317,1747,471,236,753,237,32,33],"class_list":{"0":"post-168170","1":"post","2":"type-post","3":"status-publish","4":"format-standard","5":"has-post-thumbnail","7":"category-celebridades","8":"tag-arte","9":"tag-carolina-maria-de-jesus","10":"tag-celebridades","11":"tag-celebrities","12":"tag-central-do-brasil","13":"tag-cinema","14":"tag-conceicao-evaristo","15":"tag-entertainment","16":"tag-entretenimento","17":"tag-escritora","18":"tag-fernanda-montenegro","19":"tag-filme","20":"tag-folha","21":"tag-globo","22":"tag-livro","23":"tag-portugal","24":"tag-pt"},"share_on_mastodon":{"url":"https:\/\/pubeurope.com\/@pt\/115627280540472644","error":""},"_links":{"self":[{"href":"https:\/\/www.europesays.com\/pt\/wp-json\/wp\/v2\/posts\/168170","targetHints":{"allow":["GET"]}}],"collection":[{"href":"https:\/\/www.europesays.com\/pt\/wp-json\/wp\/v2\/posts"}],"about":[{"href":"https:\/\/www.europesays.com\/pt\/wp-json\/wp\/v2\/types\/post"}],"author":[{"embeddable":true,"href":"https:\/\/www.europesays.com\/pt\/wp-json\/wp\/v2\/users\/2"}],"replies":[{"embeddable":true,"href":"https:\/\/www.europesays.com\/pt\/wp-json\/wp\/v2\/comments?post=168170"}],"version-history":[{"count":0,"href":"https:\/\/www.europesays.com\/pt\/wp-json\/wp\/v2\/posts\/168170\/revisions"}],"wp:featuredmedia":[{"embeddable":true,"href":"https:\/\/www.europesays.com\/pt\/wp-json\/wp\/v2\/media\/168171"}],"wp:attachment":[{"href":"https:\/\/www.europesays.com\/pt\/wp-json\/wp\/v2\/media?parent=168170"}],"wp:term":[{"taxonomy":"category","embeddable":true,"href":"https:\/\/www.europesays.com\/pt\/wp-json\/wp\/v2\/categories?post=168170"},{"taxonomy":"post_tag","embeddable":true,"href":"https:\/\/www.europesays.com\/pt\/wp-json\/wp\/v2\/tags?post=168170"}],"curies":[{"name":"wp","href":"https:\/\/api.w.org\/{rel}","templated":true}]}}