{"id":168172,"date":"2025-11-28T12:19:08","date_gmt":"2025-11-28T12:19:08","guid":{"rendered":"https:\/\/www.europesays.com\/pt\/168172\/"},"modified":"2025-11-28T12:19:08","modified_gmt":"2025-11-28T12:19:08","slug":"vem-ai-em-a-protegida-hector-e-perigoso-e-esta-metido-com-pessoas-suspeitas-novelas","status":"publish","type":"post","link":"https:\/\/www.europesays.com\/pt\/168172\/","title":{"rendered":"Vem a\u00ed em \u00abA Protegida\u00bb: Hector \u00e9 perigoso e est\u00e1 metido com pessoas suspeitas &#8211; Novelas"},"content":{"rendered":"<p>Em \u00abA Protegida\u00bb, <a href=\"https:\/\/tvi.iol.pt\/novelas\/fotos\/a-protegida-hector-seduz-mariana-com-dia-romantico\/67d7f8f2d34e3f0bae9bb7f9\" rel=\"nofollow noopener\" target=\"_blank\">Hector (Christian Escuredo)<\/a>\u00a0est\u00e1 com um homem que tocou insistentemente \u00e0 sua campainha, mas avisa-o para ligar da pr\u00f3xima vez, porque n\u00e3o pode ser visto ali. O homem sabe que Hector tem muitos contactos e pede-lhe para arranjar identidades falsas para duas pessoas. Hector diz que vai ver o que pode fazer. O Homem entrega-lhe uma mala e pergunta se aquele dinheiro \u00e9 suficiente para o convencer.<\/p>\n<p>Hector olha para o dinheiro que est\u00e1 na mala, mas tem de esconder a mala \u00e0 pressa, porque Vanessa aparece e diz que est\u00e1 ali outra pessoa para falar com ele. Diana pergunta-lhe se quer dar uma volta, mas Hector relembra-a de que n\u00e3o s\u00e3o namorados e ningu\u00e9m pode saber que est\u00e3o juntos. Hector diz que a rela\u00e7\u00e3o deles deve ser secreta, mas Diana n\u00e3o entende porqu\u00ea, uma vez que ele n\u00e3o \u00e9 casado, nem comprometido. Hector diz que \u00e9 como se fosse e come\u00e7a a falar sobre trabalho, pois sabe que Vanessa os est\u00e1 a ouvir.<\/p>\n<p>De recordar que Hector j\u00e1 esteve metido em v\u00e1rios sarilhos:<\/p>\n","protected":false},"excerpt":{"rendered":"Em \u00abA Protegida\u00bb, Hector (Christian Escuredo)\u00a0est\u00e1 com um homem que tocou insistentemente \u00e0 sua campainha, mas avisa-o para&hellip;\n","protected":false},"author":2,"featured_media":168173,"comment_status":"","ping_status":"","sticky":false,"template":"","format":"standard","meta":{"footnotes":""},"categories":[142],"tags":[168,160,1085,166,114,115,157,167,1087,164,161,158,165,159,32,33,156,163,151,162],"class_list":{"0":"post-168172","1":"post","2":"type-post","3":"status-publish","4":"format-standard","5":"has-post-thumbnail","7":"category-tv","8":"tag-a-protegida","9":"tag-ana-guiomar","10":"tag-christian-escuredo","11":"tag-cristina-ferreira","12":"tag-entertainment","13":"tag-entretenimento","14":"tag-festa-e-festa","15":"tag-ficcao","16":"tag-hector","17":"tag-jose-fidalgo","18":"tag-novelas","19":"tag-para-sempre","20":"tag-pedro-sousa","21":"tag-pedro-teixeira","22":"tag-portugal","23":"tag-pt","24":"tag-queridos-papas","25":"tag-tiago-teotonio-pereira","26":"tag-tv","27":"tag-tvi"},"share_on_mastodon":{"url":"https:\/\/pubeurope.com\/@pt\/115627292436588374","error":""},"_links":{"self":[{"href":"https:\/\/www.europesays.com\/pt\/wp-json\/wp\/v2\/posts\/168172","targetHints":{"allow":["GET"]}}],"collection":[{"href":"https:\/\/www.europesays.com\/pt\/wp-json\/wp\/v2\/posts"}],"about":[{"href":"https:\/\/www.europesays.com\/pt\/wp-json\/wp\/v2\/types\/post"}],"author":[{"embeddable":true,"href":"https:\/\/www.europesays.com\/pt\/wp-json\/wp\/v2\/users\/2"}],"replies":[{"embeddable":true,"href":"https:\/\/www.europesays.com\/pt\/wp-json\/wp\/v2\/comments?post=168172"}],"version-history":[{"count":0,"href":"https:\/\/www.europesays.com\/pt\/wp-json\/wp\/v2\/posts\/168172\/revisions"}],"wp:featuredmedia":[{"embeddable":true,"href":"https:\/\/www.europesays.com\/pt\/wp-json\/wp\/v2\/media\/168173"}],"wp:attachment":[{"href":"https:\/\/www.europesays.com\/pt\/wp-json\/wp\/v2\/media?parent=168172"}],"wp:term":[{"taxonomy":"category","embeddable":true,"href":"https:\/\/www.europesays.com\/pt\/wp-json\/wp\/v2\/categories?post=168172"},{"taxonomy":"post_tag","embeddable":true,"href":"https:\/\/www.europesays.com\/pt\/wp-json\/wp\/v2\/tags?post=168172"}],"curies":[{"name":"wp","href":"https:\/\/api.w.org\/{rel}","templated":true}]}}