{"id":168184,"date":"2025-11-28T12:30:13","date_gmt":"2025-11-28T12:30:13","guid":{"rendered":"https:\/\/www.europesays.com\/pt\/168184\/"},"modified":"2025-11-28T12:30:13","modified_gmt":"2025-11-28T12:30:13","slug":"bruno-de-carvalho-volta-ao-ataque-contra-dylan-o-cobardolas","status":"publish","type":"post","link":"https:\/\/www.europesays.com\/pt\/168184\/","title":{"rendered":"Bruno de Carvalho &#8211; Volta ao ataque contra Dylan: &#8220;O cobardolas&#8230;&#8221;"},"content":{"rendered":"<p><strong>Bruno de Carvalho<\/strong>, que j\u00e1 participou em alguns realities da <strong>TVI<\/strong>,\u00a0n\u00e3o ficou indiferente \u00e0 sa\u00edda de <strong><a href=\"https:\/\/www.novagente.pt\/casa-dos-segredos-duro-reves-desistencia-de-bruno-simao-teve-um-preco-muito-alto\" target=\"_blank\" rel=\"nofollow noopener\">Bruno Sim\u00e3o<\/a><\/strong>. O antigo presidente do Sporting <a href=\"https:\/\/www.novagente.pt\/casa-dos-segredos-bruno-de-carvalho-atira-se-concorrente-eu-tenho-dinheiro-ja-tu\" target=\"_blank\" rel=\"nofollow noopener\">voltou a deixar cr\u00edticas<\/a> a<strong> Dylan<\/strong>.<strong>\u00a0<\/strong><\/p>\n<p>Tudo come\u00e7ou porque o jovem de <strong>Viana do Castelo<\/strong> mencionou o nome de Bruno de Carvalho.\u00a0<\/p>\n<p>&#8220;Puto mimado&#8221;<\/p>\n<p>&#8220;O puto mimado e malcriado Dicklan convence o Bruno a sair, quebra regras, desobedece \u00e0 Voz e\u2026 fica. Um triste&#8221;, come\u00e7ou por dizer.<\/p>\n<p>\u201cO programa est\u00e1 a ter um sucesso\u2026 brutal! S\u00f3 se for por serem todos uns brutos. Gente burra ao poder! O cobardolas do Dicklan est\u00e1 muito confiante no dinheiro dos pais&#8221;, disse ainda.<\/p>\n<p>Texto: Tom\u00e1s Casc\u00e3o; Fotos: Arquivo Impala &amp; Redes sociais<\/p>\n<p class=\"intagram-text\">Siga a Nova Gente no Instagram<\/p>\n<p>                        <a href=\"https:\/\/www.instagram.com\/revistanovagente\/\" target=\"_blank\" aria-label=\"instagram\" rel=\"noopener nofollow\"><img decoding=\"async\" style=\"display: block; margin-left: auto; margin-right: auto; width: 250px; height: 83px;\" src=\"https:\/\/www.europesays.com\/pt\/wp-content\/uploads\/2025\/11\/Instagram_NG.png\" alt=\"instagram\"\/><\/a><br \/>\n                    <script async src=\"\/\/www.instagram.com\/embed.js\"><\/script><\/p>\n","protected":false},"excerpt":{"rendered":"Bruno de Carvalho, que j\u00e1 participou em alguns realities da TVI,\u00a0n\u00e3o ficou indiferente \u00e0 sa\u00edda de Bruno Sim\u00e3o.&hellip;\n","protected":false},"author":2,"featured_media":168185,"comment_status":"","ping_status":"","sticky":false,"template":"","format":"standard","meta":{"footnotes":""},"categories":[145],"tags":[341,211,210,114,115,32,33],"class_list":{"0":"post-168184","1":"post","2":"type-post","3":"status-publish","4":"format-standard","5":"has-post-thumbnail","7":"category-celebridades","8":"tag-bruno-de-carvalho","9":"tag-celebridades","10":"tag-celebrities","11":"tag-entertainment","12":"tag-entretenimento","13":"tag-portugal","14":"tag-pt"},"share_on_mastodon":{"url":"https:\/\/pubeurope.com\/@pt\/115627335760495720","error":""},"_links":{"self":[{"href":"https:\/\/www.europesays.com\/pt\/wp-json\/wp\/v2\/posts\/168184","targetHints":{"allow":["GET"]}}],"collection":[{"href":"https:\/\/www.europesays.com\/pt\/wp-json\/wp\/v2\/posts"}],"about":[{"href":"https:\/\/www.europesays.com\/pt\/wp-json\/wp\/v2\/types\/post"}],"author":[{"embeddable":true,"href":"https:\/\/www.europesays.com\/pt\/wp-json\/wp\/v2\/users\/2"}],"replies":[{"embeddable":true,"href":"https:\/\/www.europesays.com\/pt\/wp-json\/wp\/v2\/comments?post=168184"}],"version-history":[{"count":0,"href":"https:\/\/www.europesays.com\/pt\/wp-json\/wp\/v2\/posts\/168184\/revisions"}],"wp:featuredmedia":[{"embeddable":true,"href":"https:\/\/www.europesays.com\/pt\/wp-json\/wp\/v2\/media\/168185"}],"wp:attachment":[{"href":"https:\/\/www.europesays.com\/pt\/wp-json\/wp\/v2\/media?parent=168184"}],"wp:term":[{"taxonomy":"category","embeddable":true,"href":"https:\/\/www.europesays.com\/pt\/wp-json\/wp\/v2\/categories?post=168184"},{"taxonomy":"post_tag","embeddable":true,"href":"https:\/\/www.europesays.com\/pt\/wp-json\/wp\/v2\/tags?post=168184"}],"curies":[{"name":"wp","href":"https:\/\/api.w.org\/{rel}","templated":true}]}}