{"id":168189,"date":"2025-11-28T12:37:09","date_gmt":"2025-11-28T12:37:09","guid":{"rendered":"https:\/\/www.europesays.com\/pt\/168189\/"},"modified":"2025-11-28T12:37:09","modified_gmt":"2025-11-28T12:37:09","slug":"casos-de-sarampo-sobem-47-na-europa-e-asia-central-no-ano-passado-diz-a-oms","status":"publish","type":"post","link":"https:\/\/www.europesays.com\/pt\/168189\/","title":{"rendered":"Casos de sarampo sobem 47% na Europa e \u00c1sia Central no ano passado, diz a OMS"},"content":{"rendered":"<p>\n         Publicado a<br \/>\n            28\/11\/2025 &#8211; 12:37 GMT+1\n            <\/p>\n<p>Casos de sarampo dispararam 47 por cento na Europa e \u00c1sia Central no ano passado, em grande parte devido \u00e0 queda das taxas de vacina\u00e7\u00e3o, segundo um novo relat\u00f3rio da Organiza\u00e7\u00e3o Mundial da Sa\u00fade (OMS).<\/p>\n<p>Surge o alerta numa altura em que h\u00e1 sinais preocupantes de ressurgimento global do sarampo, com os ganhos do s\u00e9culo XXI no controlo de infe\u00e7\u00f5es e mortes a come\u00e7arem a perder-se.<\/p>\n<p>Em 2024, estima-se que 95 000 pessoas tenham morrido de sarampo em todo o mundo, sobretudo crian\u00e7as com menos de cinco anos. \u00c9 menos do que as 780 000 mortes em 2000, mas a OMS afirma que \u201ctoda a morte por uma doen\u00e7a que pode ser evitada com uma vacina altamente eficaz e de baixo custo \u00e9 inaceit\u00e1vel\u201d.<\/p>\n<p>Segundo a OMS, as campanhas de vacina\u00e7\u00e3o contra o sarampo salvaram quase 59 milh\u00f5es de vidas desde o in\u00edcio do s\u00e9culo.<\/p>\n<p>Ainda assim, os casos de sarampo voltam a aumentar no mundo. Estimaram-se 11 milh\u00f5es de infe\u00e7\u00f5es no ano passado, cerca de mais 800 000 do que no per\u00edodo pr\u00e9-pandemia.<\/p>\n<p>No in\u00edcio deste ano, a ag\u00eancia indicou que houve <a href=\"https:\/\/www.euronews.com\/health\/2025\/03\/14\/measles-cases-in-europe-and-central-asia-at-highest-level-in-over-25-years\" rel=\"nofollow noopener\" target=\"_blank\"><strong>mais de 120 000 casos de sarampo<\/strong><\/a> na Europa e \u00c1sia Central em 2024, o n\u00edvel mais elevado em mais de 25 anos.<\/p>\n<p>Registaram-se grandes surtos de sarampo em 59 pa\u00edses no ano passado, quase o triplo do n\u00famero notificado em 2021, segundo a OMS.<\/p>\n<p>\u201cO sarampo \u00e9 o v\u00edrus mais contagioso do mundo e estes dados mostram, uma vez mais, como aproveita qualquer falha nas nossas defesas coletivas\u201d, afirmou em comunicado o diretor-geral da OMS, Dr. Tedros Adhanom Ghebreyesus.<\/p>\n<p>A ag\u00eancia apontou o crescente n\u00famero de pessoas que optam por n\u00e3o vacinar como motor dos surtos. O sarampo \u00e9 t\u00e3o contagioso que as autoridades de sa\u00fade dizem que pelo menos 95 por cento da popula\u00e7\u00e3o deve estar imunizada para garantir prote\u00e7\u00e3o contra o v\u00edrus.<\/p>\n<p>No mundo, estima-se que 84 por cento das crian\u00e7as receberam a primeira dose da vacina contra o sarampo no ano passado, enquanto 76 por cento receberam a segunda, mostram dados da OMS. \u00c9 ligeiramente acima do ano anterior, com mais dois milh\u00f5es de crian\u00e7as a receberem a vacina.<\/p>\n<p>Ainda assim, deixou mais de 30 milh\u00f5es de crian\u00e7as \u201ccom prote\u00e7\u00e3o insuficiente\u201d contra o sarampo em 2024, sobretudo em \u00c1frica e na regi\u00e3o do Mediterr\u00e2neo Oriental.<\/p>\n<p>Surtos podem ocorrer mesmo em pa\u00edses com taxas globais de imuniza\u00e7\u00e3o elevadas, se existirem bols\u00f5es de pessoas n\u00e3o vacinadas.<\/p>\n<p>A OMS alertou que o sarampo \u00e9 muitas vezes a primeira doen\u00e7a a ressurgir quando as taxas de vacina\u00e7\u00e3o baixam, acrescentando que o aumento dos surtos revela falhas nos sistemas de sa\u00fade e nos programas de imuniza\u00e7\u00e3o em todo o mundo.<\/p>\n<p>Crian\u00e7as que sobrevivem ao sarampo ficam com maior risco de complica\u00e7\u00f5es graves, como pneumonia, cegueira e encefalite, que pode provocar incha\u00e7o e les\u00f5es no c\u00e9rebro.<\/p>\n<p>Apelou a OMS a mais financiamento e a um refor\u00e7o dos esfor\u00e7os para eliminar o sarampo em todo o mundo.<\/p>\n<p>\u201cO sarampo n\u00e3o respeita fronteiras, mas quando todas as crian\u00e7as em todas as comunidades s\u00e3o vacinadas, evitam-se surtos dispendiosos, salvam-se vidas e a doen\u00e7a pode ser eliminada de pa\u00edses inteiros\u201d, disse Tedros.<\/p>\n","protected":false},"excerpt":{"rendered":"Publicado a 28\/11\/2025 &#8211; 12:37 GMT+1 Casos de sarampo dispararam 47 por cento na Europa e \u00c1sia Central&hellip;\n","protected":false},"author":2,"featured_media":168190,"comment_status":"","ping_status":"","sticky":false,"template":"","format":"standard","meta":{"footnotes":""},"categories":[86],"tags":[116,32,33,1670,117,896,2820],"class_list":{"0":"post-168189","1":"post","2":"type-post","3":"status-publish","4":"format-standard","5":"has-post-thumbnail","7":"category-saude","8":"tag-health","9":"tag-portugal","10":"tag-pt","11":"tag-sarampo","12":"tag-saude","13":"tag-saude-publica","14":"tag-vacinacao"},"share_on_mastodon":{"url":"https:\/\/pubeurope.com\/@pt\/115627363092084619","error":""},"_links":{"self":[{"href":"https:\/\/www.europesays.com\/pt\/wp-json\/wp\/v2\/posts\/168189","targetHints":{"allow":["GET"]}}],"collection":[{"href":"https:\/\/www.europesays.com\/pt\/wp-json\/wp\/v2\/posts"}],"about":[{"href":"https:\/\/www.europesays.com\/pt\/wp-json\/wp\/v2\/types\/post"}],"author":[{"embeddable":true,"href":"https:\/\/www.europesays.com\/pt\/wp-json\/wp\/v2\/users\/2"}],"replies":[{"embeddable":true,"href":"https:\/\/www.europesays.com\/pt\/wp-json\/wp\/v2\/comments?post=168189"}],"version-history":[{"count":0,"href":"https:\/\/www.europesays.com\/pt\/wp-json\/wp\/v2\/posts\/168189\/revisions"}],"wp:featuredmedia":[{"embeddable":true,"href":"https:\/\/www.europesays.com\/pt\/wp-json\/wp\/v2\/media\/168190"}],"wp:attachment":[{"href":"https:\/\/www.europesays.com\/pt\/wp-json\/wp\/v2\/media?parent=168189"}],"wp:term":[{"taxonomy":"category","embeddable":true,"href":"https:\/\/www.europesays.com\/pt\/wp-json\/wp\/v2\/categories?post=168189"},{"taxonomy":"post_tag","embeddable":true,"href":"https:\/\/www.europesays.com\/pt\/wp-json\/wp\/v2\/tags?post=168189"}],"curies":[{"name":"wp","href":"https:\/\/api.w.org\/{rel}","templated":true}]}}