{"id":168194,"date":"2025-11-28T12:42:46","date_gmt":"2025-11-28T12:42:46","guid":{"rendered":"https:\/\/www.europesays.com\/pt\/168194\/"},"modified":"2025-11-28T12:42:46","modified_gmt":"2025-11-28T12:42:46","slug":"albuquerque-acredita-que-sera-possivel-os-madeirenses-deixarem-de-adiantar-dinheiro-nas-passagens-aereas","status":"publish","type":"post","link":"https:\/\/www.europesays.com\/pt\/168194\/","title":{"rendered":"Albuquerque acredita que ser\u00e1 poss\u00edvel os madeirenses deixarem de adiantar dinheiro nas passagens a\u00e9reas"},"content":{"rendered":"\n<p class=\"p_0\">Miguel Albuquerque acredita que ser\u00e1 poss\u00edvel, no futuro, os madeirenses deixarem de adiantar qualquer valor na compra de passagens a\u00e9reas ao abrigo do Subs\u00eddio Social de Mobilidade (SSM). O presidente do Governo Regional mostrou total confian\u00e7a na solu\u00e7\u00e3o apresentada na passada ter\u00e7a-feira pelo ministro das Infraestruturas, Miguel Pinto Luz, com a cria\u00e7\u00e3o da plataforma que entrar\u00e1 em funcionamento a 7 de janeiro.<\/p>\n<p class=\"p_1\">\u201cSim, vai ser poss\u00edvel. \u00c9 uma quest\u00e3o de a plataforma inform\u00e1tica funcionar\u201d, disse, sublinhando que a elimina\u00e7\u00e3o do adiantamento \u00e9 um objetivo realista, desde que sejam garantidos os mecanismos de seguran\u00e7a necess\u00e1rios. \u201cH\u00e1 uma quest\u00e3o que tamb\u00e9m \u00e9 importante estarmos atentos que \u00e9 a necessidade de essa plataforma tamb\u00e9m garantir a seguran\u00e7a processual para evitar as fraudes\u201d, apontou.<\/p>\n<p class=\"p_2\">De resto, Albuquerque destacou como \u201cmuito positivo\u201d e \u201cuma grande decis\u00e3o\u201d o an\u00fancio feito pelo ministro, elogiando o seu sentido pr\u00e1tico e capacidade de trabalho.<\/p>\n<p class=\"p_3\">Para o presidente do Governo Regional, o simples facto de existir uma data oficial para a entrada da plataforma demonstra confian\u00e7a e determina\u00e7\u00e3o.<\/p>\n<p class=\"p_4\">\u201cAchei muito bem ele anunciar uma data para a apresenta\u00e7\u00e3o da plataforma. Nem todos os pol\u00edticos t\u00eam coragem de o fazer. Isso significa que ele est\u00e1 convicto de que dia 7 de janeiro teremos a plataforma a funcionar\u201d, afirmou, lembrando que haver\u00e1, contudo, uma primeira fase experimental, durante a qual continuar\u00e1 a existir o ressarcimento parcial do adiantamento.<\/p>\n<p class=\"p_5\"><b>Reivindica\u00e7\u00f5es da Madeira garantidas no Or\u00e7amento <\/b><\/p>\n<p class=\"p_6\">O l\u00edder regional destacou ainda, na ocasi\u00e3o, o facto de as principais reivindica\u00e7\u00f5es da Madeira junto do Governo da Rep\u00fablica terem sido aprovadas no Or\u00e7amento de Estado, nomeadamente os 79 milh\u00f5es de euros para compensar verbas do Fundo de Coes\u00e3o; 35 milh\u00f5es de euros adicionais para o Servi\u00e7o Regional de Sa\u00fade; redu\u00e7\u00e3o do IVA para as IPSS; e prorroga\u00e7\u00e3o do Centro Internacional de Neg\u00f3cios at\u00e9 2033.<\/p>\n<p class=\"p_7\">\u201cEste conjunto de medidas, e que est\u00e3o no or\u00e7amento do Estado, correspondem \u00e1quilo que eram os compromissos do senhor primeiro-ministro e do Governo nacional para com a Madeira\u201d, frisou.<\/p>\n<p class=\"p_8\">O presidente recordou, por\u00e9m, que continuam pendentes temas essenciais, como adequar o financiamento nacional \u00e0 Universidade da Madeira; a concretiza\u00e7\u00e3o de obras do Estado, incluindo novas esquadras de pol\u00edcia. H\u00e1 tamb\u00e9m, conforme referiu, grupos de trabalho em curso para apurar custos da sa\u00fade associados \u00e0s for\u00e7as de seguran\u00e7a e para a revis\u00e3o da Lei das Finan\u00e7as Regionais, considerada por Albuquerque como \u201cpriorit\u00e1ria\u201d.<\/p>\n<p class=\"p_9\">A declara\u00e7\u00e3o foi feita \u00e0 margem da visita ao novo espa\u00e7o Lugar das Viv\u00eancias I, no Centro de Dia das Murteiras, em Santa Maria Maior, gerido pela Garouta do Calhau.<\/p>\n","protected":false},"excerpt":{"rendered":"Miguel Albuquerque acredita que ser\u00e1 poss\u00edvel, no futuro, os madeirenses deixarem de adiantar qualquer valor na compra de&hellip;\n","protected":false},"author":2,"featured_media":168195,"comment_status":"","ping_status":"","sticky":false,"template":"","format":"standard","meta":{"footnotes":""},"categories":[10],"tags":[27,28,30700,15,16,14,25,26,21,22,12,13,19,20,32,23,24,33,17,18,29,30,31],"class_list":{"0":"post-168194","1":"post","2":"type-post","3":"status-publish","4":"format-standard","5":"has-post-thumbnail","7":"category-portugal","8":"tag-breaking-news","9":"tag-breakingnews","10":"tag-bruna-nobrega","11":"tag-featured-news","12":"tag-featurednews","13":"tag-headlines","14":"tag-latest-news","15":"tag-latestnews","16":"tag-main-news","17":"tag-mainnews","18":"tag-news","19":"tag-noticias","20":"tag-noticias-principais","21":"tag-noticiasprincipais","22":"tag-portugal","23":"tag-principais-noticias","24":"tag-principaisnoticias","25":"tag-pt","26":"tag-top-stories","27":"tag-topstories","28":"tag-ultimas","29":"tag-ultimas-noticias","30":"tag-ultimasnoticias"},"share_on_mastodon":{"url":"https:\/\/pubeurope.com\/@pt\/115627382734470257","error":""},"_links":{"self":[{"href":"https:\/\/www.europesays.com\/pt\/wp-json\/wp\/v2\/posts\/168194","targetHints":{"allow":["GET"]}}],"collection":[{"href":"https:\/\/www.europesays.com\/pt\/wp-json\/wp\/v2\/posts"}],"about":[{"href":"https:\/\/www.europesays.com\/pt\/wp-json\/wp\/v2\/types\/post"}],"author":[{"embeddable":true,"href":"https:\/\/www.europesays.com\/pt\/wp-json\/wp\/v2\/users\/2"}],"replies":[{"embeddable":true,"href":"https:\/\/www.europesays.com\/pt\/wp-json\/wp\/v2\/comments?post=168194"}],"version-history":[{"count":0,"href":"https:\/\/www.europesays.com\/pt\/wp-json\/wp\/v2\/posts\/168194\/revisions"}],"wp:featuredmedia":[{"embeddable":true,"href":"https:\/\/www.europesays.com\/pt\/wp-json\/wp\/v2\/media\/168195"}],"wp:attachment":[{"href":"https:\/\/www.europesays.com\/pt\/wp-json\/wp\/v2\/media?parent=168194"}],"wp:term":[{"taxonomy":"category","embeddable":true,"href":"https:\/\/www.europesays.com\/pt\/wp-json\/wp\/v2\/categories?post=168194"},{"taxonomy":"post_tag","embeddable":true,"href":"https:\/\/www.europesays.com\/pt\/wp-json\/wp\/v2\/tags?post=168194"}],"curies":[{"name":"wp","href":"https:\/\/api.w.org\/{rel}","templated":true}]}}