{"id":168198,"date":"2025-11-28T12:47:10","date_gmt":"2025-11-28T12:47:10","guid":{"rendered":"https:\/\/www.europesays.com\/pt\/168198\/"},"modified":"2025-11-28T12:47:10","modified_gmt":"2025-11-28T12:47:10","slug":"vem-ai-em-terra-forte-ja-nem-cobra-confia-em-maria-de-fatima-e-tem-razoes-novelas","status":"publish","type":"post","link":"https:\/\/www.europesays.com\/pt\/168198\/","title":{"rendered":"Vem a\u00ed em \u00abTerra Forte\u00bb: J\u00e1 nem Cobra confia em Maria de F\u00e1tima. E, tem raz\u00f5es &#8211; Novelas"},"content":{"rendered":"<p>Em \u00abTerra Forte\u00bb, <a href=\"https:\/\/tvi.iol.pt\/novelas\/videos\/terra-forte-maria-de-fatima-e-manuel-tinham-um-caso\/68f65cdc0cf29d28d82976cb\" rel=\"nofollow noopener\" target=\"_blank\">Maria de F\u00e1tima (Rita Pereira)<\/a>\u00a0chega a casa, estranha n\u00e3o ver ningu\u00e9m, quando recebe chamada de <a href=\"https:\/\/tvi.iol.pt\/novelas\/videos\/terra-forte-maria-de-fatima-e-cobra-sao-cumplices-em-varios-crimes\/6900dcc00cf29d28d82991f2\" rel=\"nofollow noopener\" target=\"_blank\">Cobra (Ricardo Burgos)<\/a>\u00a0e fica intrigada por Cobra se querer encontrar pessoalmente com ela.<\/p>\n<p>Cobra pergunta sem rodeios a Maria de F\u00e1tima se matou <a href=\"https:\/\/tvi.iol.pt\/novelas\/videos\/maria-de-fatima-toma-decisao-sobre-vivi-esta-demitida\/68f8e7750cf285ab53a6b259\" rel=\"nofollow noopener\" target=\"_blank\">Vivi (Sofia Nicholson)<\/a>\u00a0e ela mostra-se radiante a dizer que aquela \u00e9 a melhor not\u00edcia que lhe poderia dar.<\/p>\n<p>Maria de F\u00e1tima acende uma vela ao p\u00e9 da santa, dizendo que as suas preces deram efeito por Vivi ter morrido, continuando a asseverar a Cobra que n\u00e3o fez nada. Cobra insiste que ela n\u00e3o est\u00e1 a contar a verdade, recordando-a que ela lhe disse que tinha um plano para acabar com as amea\u00e7as de Vivi.<\/p>\n<p>Cobra repreende Maria de F\u00e1tima por ter mandado Moreira entregar um papel a amea\u00e7ar Vivi, dizendo que isso a vai colocar como principal suspeita de a ter matado. Maria de F\u00e1tima justifica-se que n\u00e3o se conseguiu conter por Vivi querer fazer chantagem com ela.<\/p>\n","protected":false},"excerpt":{"rendered":"Em \u00abTerra Forte\u00bb, Maria de F\u00e1tima (Rita Pereira)\u00a0chega a casa, estranha n\u00e3o ver ningu\u00e9m, quando recebe chamada de&hellip;\n","protected":false},"author":2,"featured_media":168199,"comment_status":"","ping_status":"","sticky":false,"template":"","format":"standard","meta":{"footnotes":""},"categories":[142],"tags":[160,12623,166,114,115,157,167,164,8598,161,158,165,159,32,33,156,31381,5871,18614,163,151,162],"class_list":{"0":"post-168198","1":"post","2":"type-post","3":"status-publish","4":"format-standard","5":"has-post-thumbnail","7":"category-tv","8":"tag-ana-guiomar","9":"tag-cobra","10":"tag-cristina-ferreira","11":"tag-entertainment","12":"tag-entretenimento","13":"tag-festa-e-festa","14":"tag-ficcao","15":"tag-jose-fidalgo","16":"tag-maria-de-fatima","17":"tag-novelas","18":"tag-para-sempre","19":"tag-pedro-sousa","20":"tag-pedro-teixeira","21":"tag-portugal","22":"tag-pt","23":"tag-queridos-papas","24":"tag-ricardo-burgos","25":"tag-rita-pereira","26":"tag-terra-forte","27":"tag-tiago-teotonio-pereira","28":"tag-tv","29":"tag-tvi"},"share_on_mastodon":{"url":"https:\/\/pubeurope.com\/@pt\/115627402694182339","error":""},"_links":{"self":[{"href":"https:\/\/www.europesays.com\/pt\/wp-json\/wp\/v2\/posts\/168198","targetHints":{"allow":["GET"]}}],"collection":[{"href":"https:\/\/www.europesays.com\/pt\/wp-json\/wp\/v2\/posts"}],"about":[{"href":"https:\/\/www.europesays.com\/pt\/wp-json\/wp\/v2\/types\/post"}],"author":[{"embeddable":true,"href":"https:\/\/www.europesays.com\/pt\/wp-json\/wp\/v2\/users\/2"}],"replies":[{"embeddable":true,"href":"https:\/\/www.europesays.com\/pt\/wp-json\/wp\/v2\/comments?post=168198"}],"version-history":[{"count":0,"href":"https:\/\/www.europesays.com\/pt\/wp-json\/wp\/v2\/posts\/168198\/revisions"}],"wp:featuredmedia":[{"embeddable":true,"href":"https:\/\/www.europesays.com\/pt\/wp-json\/wp\/v2\/media\/168199"}],"wp:attachment":[{"href":"https:\/\/www.europesays.com\/pt\/wp-json\/wp\/v2\/media?parent=168198"}],"wp:term":[{"taxonomy":"category","embeddable":true,"href":"https:\/\/www.europesays.com\/pt\/wp-json\/wp\/v2\/categories?post=168198"},{"taxonomy":"post_tag","embeddable":true,"href":"https:\/\/www.europesays.com\/pt\/wp-json\/wp\/v2\/tags?post=168198"}],"curies":[{"name":"wp","href":"https:\/\/api.w.org\/{rel}","templated":true}]}}