{"id":168203,"date":"2025-11-28T12:54:11","date_gmt":"2025-11-28T12:54:11","guid":{"rendered":"https:\/\/www.europesays.com\/pt\/168203\/"},"modified":"2025-11-28T12:54:11","modified_gmt":"2025-11-28T12:54:11","slug":"telescopio-chileno-captura-imagem-de-nebulosa-no-formato-do-animal","status":"publish","type":"post","link":"https:\/\/www.europesays.com\/pt\/168203\/","title":{"rendered":"telesc\u00f3pio chileno captura imagem de nebulosa no formato do animal"},"content":{"rendered":"\n<p class=\" content-text__container theme-color-primary-first-letter\" data-track-category=\"Link no Texto\" data-track-links=\"\"> O telesc\u00f3pio chileno Gemini Sul capturou uma imagem que impressionou cientistas e pesquisadores pelo formato encontrado. Se trata de uma nebulosa que \u00e9 justamente conhecida pelo seu formato de uma borboleta, como ficou na imagem. <\/p>\n<p class=\" content-text__container \" data-track-category=\"Link no Texto\" data-track-links=\"\"> Ela foi apelidada de &#8216;borboleta c\u00f3smica&#8217; ap\u00f3s a divulga\u00e7\u00e3o da NoirLab, da Funda\u00e7\u00e3o Nacional de Ci\u00eancia, que divulgou a imagem. O nome oficial da nebulosa \u00e9 NGC 6302, que est\u00e1 a uma dist\u00e2ncia de 2.500 a 3.800 anos-luz, na constela\u00e7\u00e3o de Escorpi\u00e3o. Cada ano-luz equivale a seis trilh\u00f5es de milhas. <\/p>\n<p class=\" content-text__container \" data-track-category=\"Link no Texto\" data-track-links=\"\"> No centro desta nebulosa bipolar encontra-se uma estrela an\u00e3 branca que, h\u00e1 muito tempo, expeliu suas camadas externas de g\u00e1s. Essa g\u00e1s jogado para fora forma as asas em forma de borboleta que se projetam da estrela envelhecida, cujo calor faz com que o g\u00e1s brilhe. <\/p>\n<p class=\" content-text__container \" data-track-category=\"Link no Texto\" data-track-links=\"\"> Estudantes no Chile escolheram esse alvo astron\u00f4mico para celebrar os 25 anos de funcionamento do Observat\u00f3rio Internacional Gemini. <\/p>\n<blockquote class=\"content-blockquote theme-border-color-primary-before\"><p>&#8216;Este objeto pitoresco foi escolhido como alvo para o telesc\u00f3pio de 8,1 metros por estudantes no Chile como parte do Concurso de Imagens do Anivers\u00e1rio da Primeira Luz do Gemini. O concurso envolveu estudantes nas localidades que abrigam os telesc\u00f3pios Gemini para celebrar o legado que o Observat\u00f3rio Internacional Gemini construiu desde sua conclus\u00e3o, marcada pela Primeira Luz do Gemini Sul em novembro de 2000&#8217;, escreveu o NoirLab em seu site. <\/p><\/blockquote>\n<p class=\" content-text__container \" data-track-category=\"Link no Texto\" data-track-links=\"\"> N\u00e3o se sabe exatamente quando a NGC 6302 foi descoberta, segundo o NoirLab, mas um estudo de 1907 do astr\u00f4nomo americano Edward E. Barnard \u00e9 normalmente usado como cr\u00e9dito para sua descoberta. <\/p>\n","protected":false},"excerpt":{"rendered":"O telesc\u00f3pio chileno Gemini Sul capturou uma imagem que impressionou cientistas e pesquisadores pelo formato encontrado. Se trata&hellip;\n","protected":false},"author":2,"featured_media":168204,"comment_status":"","ping_status":"","sticky":false,"template":"","format":"standard","meta":{"footnotes":""},"categories":[84],"tags":[109,107,108,32,33,105,103,104,106,110],"class_list":{"0":"post-168203","1":"post","2":"type-post","3":"status-publish","4":"format-standard","5":"has-post-thumbnail","7":"category-ciencia-e-tecnologia","8":"tag-ciencia","9":"tag-ciencia-e-tecnologia","10":"tag-cienciaetecnologia","11":"tag-portugal","12":"tag-pt","13":"tag-science","14":"tag-science-and-technology","15":"tag-scienceandtechnology","16":"tag-technology","17":"tag-tecnologia"},"share_on_mastodon":{"url":"https:\/\/pubeurope.com\/@pt\/115627429986115990","error":""},"_links":{"self":[{"href":"https:\/\/www.europesays.com\/pt\/wp-json\/wp\/v2\/posts\/168203","targetHints":{"allow":["GET"]}}],"collection":[{"href":"https:\/\/www.europesays.com\/pt\/wp-json\/wp\/v2\/posts"}],"about":[{"href":"https:\/\/www.europesays.com\/pt\/wp-json\/wp\/v2\/types\/post"}],"author":[{"embeddable":true,"href":"https:\/\/www.europesays.com\/pt\/wp-json\/wp\/v2\/users\/2"}],"replies":[{"embeddable":true,"href":"https:\/\/www.europesays.com\/pt\/wp-json\/wp\/v2\/comments?post=168203"}],"version-history":[{"count":0,"href":"https:\/\/www.europesays.com\/pt\/wp-json\/wp\/v2\/posts\/168203\/revisions"}],"wp:featuredmedia":[{"embeddable":true,"href":"https:\/\/www.europesays.com\/pt\/wp-json\/wp\/v2\/media\/168204"}],"wp:attachment":[{"href":"https:\/\/www.europesays.com\/pt\/wp-json\/wp\/v2\/media?parent=168203"}],"wp:term":[{"taxonomy":"category","embeddable":true,"href":"https:\/\/www.europesays.com\/pt\/wp-json\/wp\/v2\/categories?post=168203"},{"taxonomy":"post_tag","embeddable":true,"href":"https:\/\/www.europesays.com\/pt\/wp-json\/wp\/v2\/tags?post=168203"}],"curies":[{"name":"wp","href":"https:\/\/api.w.org\/{rel}","templated":true}]}}