{"id":168207,"date":"2025-11-28T12:57:09","date_gmt":"2025-11-28T12:57:09","guid":{"rendered":"https:\/\/www.europesays.com\/pt\/168207\/"},"modified":"2025-11-28T12:57:09","modified_gmt":"2025-11-28T12:57:09","slug":"andriy-yermak-chefe-de-gabinete-de-zelensky-alvo-de-buscas-em-caso-de-corrupcao","status":"publish","type":"post","link":"https:\/\/www.europesays.com\/pt\/168207\/","title":{"rendered":"Andriy Yermak. Chefe de gabinete de Zelensky alvo de buscas em caso de corrup\u00e7\u00e3o"},"content":{"rendered":"<p>&#13;<br \/>\nA Ag\u00eancia Nacional Anti-Corrup\u00e7\u00e3o da Ucr\u00e2nia (NABU) anunciou, esta sexta-feira, que foram\u00a0efetuadas buscas e apreens\u00f5es na resid\u00eancia de Andriy Yermak, chefe de gabinete do presidente ucraniano Volodymyr Zelensky.&#13;\n<\/p>\n<p>&#13;<br \/>\n<b>A Ag\u00eancia Nacional Anti Corrup\u00e7\u00e3o e a Procuradoria Especializada Anti Corrup\u00e7\u00e3o (SAP) disseram atrav\u00e9s de comunicado que as opera\u00e7\u00f5es fazem parte de uma investiga\u00e7\u00e3o &#8220;em curso&#8221; acrescentando que os detalhes v\u00e3o ser\u00a0&#8220;divulgados em breve&#8221;.\u00a0<\/b>Andriy Yermak est\u00e1 a ser investigado no \u00e2mbito de um esquema de corrup\u00e7\u00e3o envolvendo a empresa estatal Energoatom, respons\u00e1vel pela energia nuclear no pa\u00eds.&#13;\n<\/p>\n<p>&#13;<br \/>\nYermak, que lidera a equipa de negocia\u00e7\u00f5es de Kiev para chegar a um acordo depois de Washington ter apresentado uma proposta de cessar-fogo, confirmou que o seu apartamento estava a ser alvo de buscas e afirmou estar a cooperar \u201cplenamente\u201d.<\/p>\n<p><b>As buscas est\u00e3o ligadas a um dos piores esc\u00e2ndalos de corrup\u00e7\u00e3o da presid\u00eancia de Zelensky, que abalou o pa\u00eds nas \u00faltimas semanas e j\u00e1 levou \u00e0 demiss\u00e3o de dois ministros. <\/b>A ministra da Energia e o atual ministro da Justi\u00e7a foram demitidos por Zelensky.<\/p>\n<p>A oposi\u00e7\u00e3o j\u00e1 tinha pedido a demiss\u00e3o do chefe de gabinete do presidente da Ucr\u00e2nia, depois da divulga\u00e7\u00e3o de grava\u00e7\u00f5es do Gabinete Nacional Anticorrup\u00e7\u00e3o que o colocavam como um dos suspeitos de um alegado esquema de desvio de 100 milh\u00f5es de euros da companhia energ\u00e9tica.<\/p>\n<p>Num comunicado divulgado na quinta-feira, o partido da oposi\u00e7\u00e3o criticou o papel de Yermak como negociador e apelou a Zelensky para um &#8220;di\u00e1logo honesto&#8221; com a oposi\u00e7\u00e3o.<\/p>\n<p>&#8220;O presidente n\u00e3o se deve limitar a uma comunica\u00e7\u00e3o amig\u00e1vel com a sua fa\u00e7\u00e3o \u2014 \u00e9 obrigado a explicar a todo o parlamento que orienta\u00e7\u00f5es e linhas vermelhas foram dadas \u00e0 equipa de negocia\u00e7\u00e3o ucraniana&#8221;, refere o comunicado.<\/p>\n<p><b>O caso de corrup\u00e7\u00e3o surge numa altura delicada nas negocia\u00e7\u00f5es para a paz na Ucr\u00e2nia, com Washington a pressionar Kiev a aceitar os termos de um acordo de paz. <\/b><\/p>\n<p>Na quinta-feira, o presidente russo, Vladimir Putin, disse que este plano de paz elaborado pelos Estados Unidos e divulgado na semana passada poderia servir de \u201cbase para futuros acordos\u201d.\u00a0\u00a0O presidente russo admitiu que poderia aceitar um cessar-fogo sob a condi\u00e7\u00e3o de Kiev ceder os territ\u00f3rios reivindicados por Moscovo.<\/p>\n<p>Em entrevista \u00e0 revista The Atlantic esta semana, Yermak deixou claro: &#8220;Ningu\u00e9m deve contar com a nossa ced\u00eancia de territ\u00f3rio&#8221;.&#13;\n<\/p>\n<p class=\"fontsmall\">&#13;<br \/>\nc\/ag\u00eancias&#13;<\/p>\n","protected":false},"excerpt":{"rendered":"&#13; A Ag\u00eancia Nacional Anti-Corrup\u00e7\u00e3o da Ucr\u00e2nia (NABU) anunciou, esta sexta-feira, que foram\u00a0efetuadas buscas e apreens\u00f5es na resid\u00eancia&hellip;\n","protected":false},"author":2,"featured_media":168208,"comment_status":"","ping_status":"","sticky":false,"template":"","format":"standard","meta":{"footnotes":""},"categories":[50],"tags":[27,28,6031,4469,15,16,14,25,26,21,22,62,12,13,19,20,23,24,17,18,840,29,30,31,63,64,65],"class_list":{"0":"post-168207","1":"post","2":"type-post","3":"status-publish","4":"format-standard","5":"has-post-thumbnail","7":"category-mundo","8":"tag-breaking-news","9":"tag-breakingnews","10":"tag-buscas","11":"tag-corrupcao","12":"tag-featured-news","13":"tag-featurednews","14":"tag-headlines","15":"tag-latest-news","16":"tag-latestnews","17":"tag-main-news","18":"tag-mainnews","19":"tag-mundo","20":"tag-news","21":"tag-noticias","22":"tag-noticias-principais","23":"tag-noticiasprincipais","24":"tag-principais-noticias","25":"tag-principaisnoticias","26":"tag-top-stories","27":"tag-topstories","28":"tag-ucrania","29":"tag-ultimas","30":"tag-ultimas-noticias","31":"tag-ultimasnoticias","32":"tag-world","33":"tag-world-news","34":"tag-worldnews"},"share_on_mastodon":{"url":"https:\/\/pubeurope.com\/@pt\/115627441723746621","error":""},"_links":{"self":[{"href":"https:\/\/www.europesays.com\/pt\/wp-json\/wp\/v2\/posts\/168207","targetHints":{"allow":["GET"]}}],"collection":[{"href":"https:\/\/www.europesays.com\/pt\/wp-json\/wp\/v2\/posts"}],"about":[{"href":"https:\/\/www.europesays.com\/pt\/wp-json\/wp\/v2\/types\/post"}],"author":[{"embeddable":true,"href":"https:\/\/www.europesays.com\/pt\/wp-json\/wp\/v2\/users\/2"}],"replies":[{"embeddable":true,"href":"https:\/\/www.europesays.com\/pt\/wp-json\/wp\/v2\/comments?post=168207"}],"version-history":[{"count":0,"href":"https:\/\/www.europesays.com\/pt\/wp-json\/wp\/v2\/posts\/168207\/revisions"}],"wp:featuredmedia":[{"embeddable":true,"href":"https:\/\/www.europesays.com\/pt\/wp-json\/wp\/v2\/media\/168208"}],"wp:attachment":[{"href":"https:\/\/www.europesays.com\/pt\/wp-json\/wp\/v2\/media?parent=168207"}],"wp:term":[{"taxonomy":"category","embeddable":true,"href":"https:\/\/www.europesays.com\/pt\/wp-json\/wp\/v2\/categories?post=168207"},{"taxonomy":"post_tag","embeddable":true,"href":"https:\/\/www.europesays.com\/pt\/wp-json\/wp\/v2\/tags?post=168207"}],"curies":[{"name":"wp","href":"https:\/\/api.w.org\/{rel}","templated":true}]}}