{"id":168209,"date":"2025-11-28T12:59:19","date_gmt":"2025-11-28T12:59:19","guid":{"rendered":"https:\/\/www.europesays.com\/pt\/168209\/"},"modified":"2025-11-28T12:59:19","modified_gmt":"2025-11-28T12:59:19","slug":"aqui-esta-tudo-o-que-podem-fazer-no-novo-wonderland-lisboa-nit","status":"publish","type":"post","link":"https:\/\/www.europesays.com\/pt\/168209\/","title":{"rendered":"aqui est\u00e1 tudo o que podem fazer no novo Wonderland Lisboa \u2014 NiT"},"content":{"rendered":"<p>J\u00e1 passou uma d\u00e9cada desde que o Wonderland Lisboa se instalou no Parque Eduardo VII, no cora\u00e7\u00e3o da capital portuguesa. O evento transformou-se numa das festas de Natal mais populares do Pa\u00eds, com centenas de milhares de visitantes portugueses e turistas. Desta vez, a edi\u00e7\u00e3o ser\u00e1 ainda mais especial para celebrar o anivers\u00e1rio redondo.<\/p>\n<p>O evento arranca j\u00e1 esta sexta-feira, 28 de novembro, e prolonga-se at\u00e9 4 de janeiro. Uma das principais novidades \u00e9 que, pela primeira vez, vai ocupar todo o Parque Eduardo VII, com cerca de 12 mil metros quadrados, garantiu Nuno Santana, fundador da empresa de eventos NIU, \u00e0 TVI, que \u00e9 tamb\u00e9m produtora da iniciativa.\u00a0<\/p>\n<p>No primeiro ano, em 2016, a Wonderland Lisboa ocupou um quarteir\u00e3o do parque e contava apenas com quatro atra\u00e7\u00f5es. <strong>Desta vez, vai haver 14 instala\u00e7\u00f5es, que incluem, por exemplo, a m\u00edtica roda gigante, a pista de gelo ecol\u00f3gica, a Casa do Pai Natal ou o tradicional carrossel.<\/strong><\/p>\n<p>A Aldeia do Pai Natal tamb\u00e9m est\u00e1 de regresso ao centro da cidade, para os mi\u00fados poderem conversar com a figura principal da \u00e9poca ou deixar uma carta onde revelam os maiores desejos para este ano, ao mesmo tempo que interagem com os duendes ajudantes.<\/p>\n<p>A festa itinerante vai voltar a ser um dos destaques do Wonderland. Ao longo dos dias, vai haver espet\u00e1culos e desfiles de personagens vestidas a vigor acompanhadas por bandas a tocar temas natal\u00edcios em v\u00e1rios pontos do parque.<\/p>\n<p>Haver\u00e1 ainda v\u00e1rias zonas decoradas com apontamentos luminosos, como arcos, casotas e tendas, para tirar a melhor fotografia de Natal com vista para a roda gigante, para a \u00e1rvore ou para o mercado das barraquinhas.\u00a0<\/p>\n<blockquote class=\"instagram-media\" style=\"background: #FFF; border: 0; border-radius: 3px; box-shadow: 0 0 1px 0 rgba(0,0,0,0.5),0 1px 10px 0 rgba(0,0,0,0.15); margin: 1px; max-width: 540px; min-width: 326px; padding: 0; width: calc(100% - 2px);\" data-instgrm-captioned=\"\" data-instgrm-permalink=\"https:\/\/www.instagram.com\/reel\/DRFlwADiIAB\/?utm_source=ig_embed&amp;utm_campaign=loading\" data-instgrm-version=\"14\">\n<\/blockquote>\n<p><strong>Todos os dias, vai ser poss\u00edvel visitar as bancas e as ativa\u00e7\u00f5es de marcas que v\u00e3o oferecer pr\u00e9mios para os visitantes mais sortudos. Ser\u00e1 uma oportunidade para receber descontos, entradas em museu ou produtos personalizados<\/strong> em stands de marcas como Coca-Cola, Worten, SL Benfica, Sporting, McDonald\u2019s, Galp, Cheetos, Continente, Licor Beir\u00e3o, Lion of Porches ou Bacalhoa.\u00a0<\/p>\n<p>Pelo meio, pode contar com as tradicionais zonas de restaura\u00e7\u00e3o com mesas e cadeiras espalhadas pelo recinto, que tendem a encher rapidamente, sobretudo aos fins de semana. Na gastronomia, destacam-se bancas com op\u00e7\u00f5es para todos os gostos: comida portuguesa, hamb\u00fargueres, coxinhas, past\u00e9is, p\u00e3o com chouri\u00e7o, pizzas, batatas fritas, cookies, farturas, waffles, vinhos (normais e quentes), chocolate quente e a lista continua.\u00a0\u00a0<\/p>\n<p>Por fim, mas n\u00e3o menos importante, vai ser poss\u00edvel encontrar no Mercado de Natal v\u00e1rias pe\u00e7as de artesanato, decora\u00e7\u00f5es, roupa, p\u00f3steres, bijuteria, peluches, presentes personalizados ou livros. No fundo, vai haver sugest\u00f5es de presentes para todos os membros da fam\u00edlia.<\/p>\n<p>Entre as atra\u00e7\u00f5es mais populares, voltam a destacar-se a roda gigante de 26 metros de altura e vista para a cidade (o bilhete custa 6\u20ac), a pista de gelo ecol\u00f3gica (gratuita), os carross\u00e9is, o comboio de Natal, os trampolins e as cadeiras voadoras (com pre\u00e7os que variam entre 4,50\u20ac e 5\u20ac).\u00a0<\/p>\n<p>Wonderland \u00e9 cada vez mais popular<\/p>\n<p>Este ano, espera-se que o n\u00famero de visitantes volte a ultrapassar um milh\u00e3o de pessoas. Na primeira edi\u00e7\u00e3o, o Wonderland come\u00e7ou por receber 450 mil visitantes, sendo que o valor subiu para 700 mil entre 2018 e 2019.<\/p>\n<p>No ano do confinamento devido \u00e0 pandemia de Covid-19, em 2020, o evento n\u00e3o se realizou, mas ainda assim a organiza\u00e7\u00e3o preparou uma parada num comboio tem\u00e1tico para levar alegria \u00e0s pessoas pelas ruas de Lisboa.\u00a0<\/p>\n<p>Em 2021, as regras da pandemia fizeram com que o evento tivesse controlo de entrada. Ainda assim, os visitantes subiram para 750 mil. Desde ent\u00e3o, o n\u00famero n\u00e3o tem parado de crescer \u2014 em 2024, por exemplo, mais de um milh\u00e3o de pessoas visitaram o recinto instalado no Parque Eduardo VII.\u00a0<\/p>\n<p><strong>A entrada no Wonderland Lisboa \u00e9 livre todos os dias<\/strong>, de segunda a quinta-feira, entre as 13 e as 22 horas; das 13 \u00e0 meia-noite \u00e0s sextas-feiras; das 10 \u00e0s 23 horas aos s\u00e1bados e das 10 \u00e0s 22 horas.<\/p>\n<p>Entre 24 e 31 de dezembro, funciona das 10 \u00e0s 16 horas; e entre 25 de dezembro e 1 de janeiro de 2026, das 16 \u00e0s 22.<\/p>\n<p>Carregue na galeria para ver algumas fotografias das edi\u00e7\u00f5es anteriores.<\/p>\n<p>\t\t\t\t<script async src=\"\/\/www.instagram.com\/embed.js\"><\/script><\/p>\n","protected":false},"excerpt":{"rendered":"J\u00e1 passou uma d\u00e9cada desde que o Wonderland Lisboa se instalou no Parque Eduardo VII, no cora\u00e7\u00e3o da&hellip;\n","protected":false},"author":2,"featured_media":168210,"comment_status":"","ping_status":"","sticky":false,"template":"","format":"standard","meta":{"footnotes":""},"categories":[10],"tags":[27,28,15,16,14,25,26,21,22,12,13,19,20,32,23,24,33,17,18,29,30,31],"class_list":{"0":"post-168209","1":"post","2":"type-post","3":"status-publish","4":"format-standard","5":"has-post-thumbnail","7":"category-portugal","8":"tag-breaking-news","9":"tag-breakingnews","10":"tag-featured-news","11":"tag-featurednews","12":"tag-headlines","13":"tag-latest-news","14":"tag-latestnews","15":"tag-main-news","16":"tag-mainnews","17":"tag-news","18":"tag-noticias","19":"tag-noticias-principais","20":"tag-noticiasprincipais","21":"tag-portugal","22":"tag-principais-noticias","23":"tag-principaisnoticias","24":"tag-pt","25":"tag-top-stories","26":"tag-topstories","27":"tag-ultimas","28":"tag-ultimas-noticias","29":"tag-ultimasnoticias"},"share_on_mastodon":{"url":"https:\/\/pubeurope.com\/@pt\/115627449702365438","error":""},"_links":{"self":[{"href":"https:\/\/www.europesays.com\/pt\/wp-json\/wp\/v2\/posts\/168209","targetHints":{"allow":["GET"]}}],"collection":[{"href":"https:\/\/www.europesays.com\/pt\/wp-json\/wp\/v2\/posts"}],"about":[{"href":"https:\/\/www.europesays.com\/pt\/wp-json\/wp\/v2\/types\/post"}],"author":[{"embeddable":true,"href":"https:\/\/www.europesays.com\/pt\/wp-json\/wp\/v2\/users\/2"}],"replies":[{"embeddable":true,"href":"https:\/\/www.europesays.com\/pt\/wp-json\/wp\/v2\/comments?post=168209"}],"version-history":[{"count":0,"href":"https:\/\/www.europesays.com\/pt\/wp-json\/wp\/v2\/posts\/168209\/revisions"}],"wp:featuredmedia":[{"embeddable":true,"href":"https:\/\/www.europesays.com\/pt\/wp-json\/wp\/v2\/media\/168210"}],"wp:attachment":[{"href":"https:\/\/www.europesays.com\/pt\/wp-json\/wp\/v2\/media?parent=168209"}],"wp:term":[{"taxonomy":"category","embeddable":true,"href":"https:\/\/www.europesays.com\/pt\/wp-json\/wp\/v2\/categories?post=168209"},{"taxonomy":"post_tag","embeddable":true,"href":"https:\/\/www.europesays.com\/pt\/wp-json\/wp\/v2\/tags?post=168209"}],"curies":[{"name":"wp","href":"https:\/\/api.w.org\/{rel}","templated":true}]}}