{"id":16821,"date":"2025-08-05T09:33:08","date_gmt":"2025-08-05T09:33:08","guid":{"rendered":"https:\/\/www.europesays.com\/pt\/16821\/"},"modified":"2025-08-05T09:33:08","modified_gmt":"2025-08-05T09:33:08","slug":"vem-ai-em-a-fazenda-joel-perde-o-controlo-enquanto-eva-luta-pela-vida-novelas","status":"publish","type":"post","link":"https:\/\/www.europesays.com\/pt\/16821\/","title":{"rendered":"Vem a\u00ed em \u00abA Fazenda\u00bb: Joel perde o controlo enquanto Eva luta pela vida &#8211; Novelas"},"content":{"rendered":"<p>Em \u00abA Fazenda\u00bb, <a href=\"https:\/\/tvi.iol.pt\/novelas\/videos\/nadir-e-a-raptora-de-joel\/6784f7790cf23ab655363de8\" rel=\"nofollow noopener\" target=\"_blank\">Nadir (Sharam Diniz<\/a>) admite a <a href=\"https:\/\/tvi.iol.pt\/novelas\/videos\/eva-visita-talu-na-prisao-so-queria-que-nao-me-odiasses\/676ac2b70cf2f130c299a684\" rel=\"nofollow noopener\" target=\"_blank\">Talu (Evandro Gomes)<\/a>\u00a0que <a href=\"https:\/\/tvi.iol.pt\/novelas\/videos\/eva-e-joel-beijam-se-apaixonadamente\/6776a2000cf23e044af75c9b\" rel=\"nofollow noopener\" target=\"_blank\">Eva (Margarida Corceiro)<\/a>\u00a0continua em risco de vida com as queimaduras que sofreu. Lukenia insiste com Talu para ir ver Zuri a casa, mas Talu diz querer primeiro ver se <a href=\"https:\/\/tvi.iol.pt\/novelas\/videos\/para-ele-retirar-a-queixa-tu-prometeste-que-te-afastavas-de-mim\/67924a3a0cf216cd3ad316a6\" rel=\"nofollow noopener\" target=\"_blank\">Gaspar (Nuno Lopes<\/a>) precisa de ajuda na lavra.<\/p>\n<p><a href=\"https:\/\/tvi.iol.pt\/novelas\/videos\/joel-declara-se-a-eva-nunca-quis-atravessar-me-entre-ti-e-o-talu\/676ac3630cf2f130c299a685\" rel=\"nofollow noopener\" target=\"_blank\">Joel (Jo\u00e3o Jesus)<\/a>\u00a0avisa Talu que ningu\u00e9m vai acreditar nele se o acusar de t\u00ea-lo deixado \u00e0 merc\u00ea do inc\u00eandio na lavra. Joel imp\u00f5e que ele lhe diga por que Eva estava com ele. Talu afasta-o sem responder, deixando Joel fulo.<\/p>\n<p>Nadir trata de Eva, que balbucia o nome de Talu. Nadir questiona Joel sobre o que se passa entre ele e Talu. Joel defende-se que \u00e9 ele que n\u00e3o deixa Eva em paz. Joel fica a olhar obsessivo para Eva, mostrando estar disposto a tudo para ficar com ela.<\/p>\n<p>Recorde o momento em que foi Joel o culpado por tudo isto:<\/p>\n","protected":false},"excerpt":{"rendered":"Em \u00abA Fazenda\u00bb, Nadir (Sharam Diniz) admite a Talu (Evandro Gomes)\u00a0que Eva (Margarida Corceiro)\u00a0continua em risco de vida&hellip;\n","protected":false},"author":2,"featured_media":16822,"comment_status":"","ping_status":"","sticky":false,"template":"","format":"standard","meta":{"footnotes":""},"categories":[142],"tags":[160,166,114,115,681,157,167,721,164,6397,161,158,165,159,32,33,156,6398,163,151,162],"class_list":{"0":"post-16821","1":"post","2":"type-post","3":"status-publish","4":"format-standard","5":"has-post-thumbnail","7":"category-tv","8":"tag-ana-guiomar","9":"tag-cristina-ferreira","10":"tag-entertainment","11":"tag-entretenimento","12":"tag-evandro-gomes","13":"tag-festa-e-festa","14":"tag-ficcao","15":"tag-joao-jesus","16":"tag-jose-fidalgo","17":"tag-mrgarida-corceiro","18":"tag-novelas","19":"tag-para-sempre","20":"tag-pedro-sousa","21":"tag-pedro-teixeira","22":"tag-portugal","23":"tag-pt","24":"tag-queridos-papas","25":"tag-sharam-diniz","26":"tag-tiago-teotonio-pereira","27":"tag-tv","28":"tag-tvi"},"share_on_mastodon":{"url":"","error":""},"_links":{"self":[{"href":"https:\/\/www.europesays.com\/pt\/wp-json\/wp\/v2\/posts\/16821","targetHints":{"allow":["GET"]}}],"collection":[{"href":"https:\/\/www.europesays.com\/pt\/wp-json\/wp\/v2\/posts"}],"about":[{"href":"https:\/\/www.europesays.com\/pt\/wp-json\/wp\/v2\/types\/post"}],"author":[{"embeddable":true,"href":"https:\/\/www.europesays.com\/pt\/wp-json\/wp\/v2\/users\/2"}],"replies":[{"embeddable":true,"href":"https:\/\/www.europesays.com\/pt\/wp-json\/wp\/v2\/comments?post=16821"}],"version-history":[{"count":0,"href":"https:\/\/www.europesays.com\/pt\/wp-json\/wp\/v2\/posts\/16821\/revisions"}],"wp:featuredmedia":[{"embeddable":true,"href":"https:\/\/www.europesays.com\/pt\/wp-json\/wp\/v2\/media\/16822"}],"wp:attachment":[{"href":"https:\/\/www.europesays.com\/pt\/wp-json\/wp\/v2\/media?parent=16821"}],"wp:term":[{"taxonomy":"category","embeddable":true,"href":"https:\/\/www.europesays.com\/pt\/wp-json\/wp\/v2\/categories?post=16821"},{"taxonomy":"post_tag","embeddable":true,"href":"https:\/\/www.europesays.com\/pt\/wp-json\/wp\/v2\/tags?post=16821"}],"curies":[{"name":"wp","href":"https:\/\/api.w.org\/{rel}","templated":true}]}}