{"id":168229,"date":"2025-11-28T13:16:12","date_gmt":"2025-11-28T13:16:12","guid":{"rendered":"https:\/\/www.europesays.com\/pt\/168229\/"},"modified":"2025-11-28T13:16:12","modified_gmt":"2025-11-28T13:16:12","slug":"funcionarios-do-parlamento-pedem-protecao-contra-o-chega-sindicato-denuncia-descontrolo-de-atitudes","status":"publish","type":"post","link":"https:\/\/www.europesays.com\/pt\/168229\/","title":{"rendered":"Funcion\u00e1rios do Parlamento pedem prote\u00e7\u00e3o contra o Chega: sindicato denuncia &#8220;descontrolo de atitudes&#8221;"},"content":{"rendered":"<p class=\"category\"><a href=\"https:\/\/sicnoticias.pt\/pais\" rel=\"nofollow noopener\" target=\"_blank\">Pa\u00eds<\/a><\/p>\n<p>O sindicato que representa os trabalhadores explica que em causa est\u00e3o acusa\u00e7\u00f5es por alegada falta de neutralidade pol\u00edtica e que o comportamento do Chega provoca enorme desconforto e ansiedade aos funcion\u00e1rios.<\/p>\n<p><img decoding=\"async\" src=\"https:\/\/www.europesays.com\/pt\/wp-content\/uploads\/2025\/11\/1762521157_221_original.webp\" alt=\"Funcion\u00e1rios do Parlamento pedem prote\u00e7\u00e3o contra o Chega: sindicato denuncia &quot;descontrolo de atitudes&quot;\"\/><\/p>\n<p>JOSE SENA GOULAO | Lusa<\/p>\n<p><strong>Os funcion\u00e1rios da Assembleia da Rep\u00fablica que acompanham as sess\u00f5es parlamentares apresentaram queixa do Chega por <\/strong><strong>\u201cdescontrolo de atitudes&#8221; <\/strong><strong>e pedem medidas de prote\u00e7\u00e3o urgentes.<\/strong><\/p>\n<p>Numa carta enviada ao Conselho de Administra\u00e7\u00e3o do Parlamento, o Sindicato dos Trabalhadores em Fun\u00e7\u00f5es P\u00fablicas e Sociais do Sul e Regi\u00f5es Aut\u00f3nomas denuncia comportamentos que<strong> \u201c<\/strong><strong>afetam <\/strong><strong>profundamente a dignidade, autoestima, sa\u00fade mental e integridade f\u00edsica dos trabalhadore<\/strong><strong>s<\/strong>\u201d, revela o <a href=\"https:\/\/expresso.pt\/politica\/parlamento\/2025-11-27-parlamento-funcionarios-pedem-protecao-contra-o-chega-2b894a88\" target=\"_blank\" rel=\"noopener noreferrer nofollow\">jornal Expresso<\/a>, que teve acesso \u00e0 queixa formal.<\/p>\n<p>O sindicato que representa os trabalhadores explica que em causa est\u00e3o<strong> acusa\u00e7\u00f5es por alegada falta de neutralidade pol\u00edtica <\/strong>e que o comportamento do Chega provoca enorme desconforto e ansiedade aos funcion\u00e1rios.<\/p>\n<p>O sindicato diz ainda que n\u00e3o admite a viola\u00e7\u00e3o do direito \u00e0 honra ou a ofensa ao bom nome.<\/p>\n<p>O presidente da Assembleia da Rep\u00fablica, Jos\u00e9 Pedro Aguiar-Branco, afirmou que nunca recebeu diretamente qualquer queixa de funcion\u00e1rios da Assembleia sobre intimida\u00e7\u00e3o por parte do Chega.<\/p>\n<p>Em resposta \u00e0 SIC, Aguiar-Branco confirmou que a secret\u00e1ria-geral lhe informou sobre a queixa, mas explicou que n\u00e3o foi pedida nenhuma dilig\u00eancia.<\/p>\n<p>A responsabilidade pelo caso cabe \u00e0 secret\u00e1ria-geral, que est\u00e1 a acompanhar o processo. <\/p>\n","protected":false},"excerpt":{"rendered":"Pa\u00eds O sindicato que representa os trabalhadores explica que em causa est\u00e3o acusa\u00e7\u00f5es por alegada falta de neutralidade&hellip;\n","protected":false},"author":2,"featured_media":168230,"comment_status":"","ping_status":"","sticky":false,"template":"","format":"standard","meta":{"footnotes":""},"categories":[50],"tags":[27,28,15,16,14,25,26,21,22,62,12,13,19,20,23,24,17,18,29,30,31,63,64,65],"class_list":{"0":"post-168229","1":"post","2":"type-post","3":"status-publish","4":"format-standard","5":"has-post-thumbnail","7":"category-mundo","8":"tag-breaking-news","9":"tag-breakingnews","10":"tag-featured-news","11":"tag-featurednews","12":"tag-headlines","13":"tag-latest-news","14":"tag-latestnews","15":"tag-main-news","16":"tag-mainnews","17":"tag-mundo","18":"tag-news","19":"tag-noticias","20":"tag-noticias-principais","21":"tag-noticiasprincipais","22":"tag-principais-noticias","23":"tag-principaisnoticias","24":"tag-top-stories","25":"tag-topstories","26":"tag-ultimas","27":"tag-ultimas-noticias","28":"tag-ultimasnoticias","29":"tag-world","30":"tag-world-news","31":"tag-worldnews"},"share_on_mastodon":{"url":"https:\/\/pubeurope.com\/@pt\/115627516615045463","error":""},"_links":{"self":[{"href":"https:\/\/www.europesays.com\/pt\/wp-json\/wp\/v2\/posts\/168229","targetHints":{"allow":["GET"]}}],"collection":[{"href":"https:\/\/www.europesays.com\/pt\/wp-json\/wp\/v2\/posts"}],"about":[{"href":"https:\/\/www.europesays.com\/pt\/wp-json\/wp\/v2\/types\/post"}],"author":[{"embeddable":true,"href":"https:\/\/www.europesays.com\/pt\/wp-json\/wp\/v2\/users\/2"}],"replies":[{"embeddable":true,"href":"https:\/\/www.europesays.com\/pt\/wp-json\/wp\/v2\/comments?post=168229"}],"version-history":[{"count":0,"href":"https:\/\/www.europesays.com\/pt\/wp-json\/wp\/v2\/posts\/168229\/revisions"}],"wp:featuredmedia":[{"embeddable":true,"href":"https:\/\/www.europesays.com\/pt\/wp-json\/wp\/v2\/media\/168230"}],"wp:attachment":[{"href":"https:\/\/www.europesays.com\/pt\/wp-json\/wp\/v2\/media?parent=168229"}],"wp:term":[{"taxonomy":"category","embeddable":true,"href":"https:\/\/www.europesays.com\/pt\/wp-json\/wp\/v2\/categories?post=168229"},{"taxonomy":"post_tag","embeddable":true,"href":"https:\/\/www.europesays.com\/pt\/wp-json\/wp\/v2\/tags?post=168229"}],"curies":[{"name":"wp","href":"https:\/\/api.w.org\/{rel}","templated":true}]}}