{"id":168235,"date":"2025-11-28T13:19:14","date_gmt":"2025-11-28T13:19:14","guid":{"rendered":"https:\/\/www.europesays.com\/pt\/168235\/"},"modified":"2025-11-28T13:19:14","modified_gmt":"2025-11-28T13:19:14","slug":"vera-fischer-comemora-seu-aniversario-de-74-anos-no-rio-de-janeiro","status":"publish","type":"post","link":"https:\/\/www.europesays.com\/pt\/168235\/","title":{"rendered":"Vera Fischer comemora seu anivers\u00e1rio de 74 anos no Rio de Janeiro"},"content":{"rendered":"<p>                            <img width=\"800\" height=\"450\" src=\"https:\/\/www.europesays.com\/pt\/wp-content\/uploads\/2025\/11\/vera-fischer-aniversario-800x450.jpg\" class=\"post-featured-image wp-post-image\" alt=\"Vera Fischer - Foto: Reginaldo Teixeira\"  loading=\"eager\" fetchpriority=\"high\" decoding=\"async\" \/>Vera Fischer &#8211; Foto: Reginaldo Teixeira                        <\/p>\n<p>A atriz <a href=\"https:\/\/caras.com.br\/tags\/vera-fischer\" rel=\"nofollow noopener\" target=\"_blank\"><strong>Vera Fischer<\/strong><\/a> comemorou o seu anivers\u00e1rio de 74 anos de idade em uma festa intimista no Rio de Janeiro nesta quinta-feira, 27. A estrela reuniu seus amigos para celebrar sua vida e a arte em um evento organizado por seu empres\u00e1rio Vinicius Belo.<\/p>\n<p>Para a ocasi\u00e3o, a artista usou um belo vestido verde com decote ombro a ombro e fenda na perna. Sorridente, ela posou para fotos com vista para a praia de Copacabana.<\/p>\n<p>Recentemente, Fischer brilhou nos palcos brasileiros com a com\u00e9dia \u2018O Casal Mais Sexy da Am\u00e9rica\u2019, que percorreu mais de 15 cidades em 2025 e foi assistida por mais de 50 mil pessoas.<\/p>\n<p>Em breve, ela far\u00e1 uma participa\u00e7\u00e3o especial no filme Velhos Bandidos, de Cl\u00e1udio Torres e com elenco composto por Fernanda Montenegro, Ary Fontoura, Bruna Marquezine e L\u00e1zaro Ramos.<\/p>\n<p>\t <img loading=\"lazy\" decoding=\"async\" class=\"wp-image-1036975 size-full img-fluid lazy\" alt=\"Vera Fischer - Foto: Reginaldo Teixeira\" width=\"854\" height=\"1280\" src=\"https:\/\/www.europesays.com\/pt\/wp-content\/uploads\/2025\/11\/vera-fischer-aniversario-1.jpeg\"  \/>Vera Fischer \u2013 Foto: Reginaldo Teixeira <img loading=\"lazy\" decoding=\"async\" class=\"wp-image-1036977 size-full img-fluid lazy\" alt=\"Vera Fischer - Foto: Reginaldo Teixeira\" width=\"854\" height=\"1280\" src=\"https:\/\/www.europesays.com\/pt\/wp-content\/uploads\/2025\/11\/vera-fischer-aniversario-3.jpeg\"  \/>Vera Fischer \u2013 Foto: Reginaldo Teixeira <img loading=\"lazy\" decoding=\"async\" class=\"wp-image-1036976 size-full img-fluid lazy\" alt=\"Vera Fischer - Foto: Reginaldo Teixeira\" width=\"854\" height=\"1280\" src=\"https:\/\/www.europesays.com\/pt\/wp-content\/uploads\/2025\/11\/vera-fischer-aniversario-2.jpeg\"  \/>Vera Fischer \u2013 Foto: Reginaldo Teixeira <img loading=\"lazy\" decoding=\"async\" class=\"wp-image-1036979 size-full img-fluid lazy\" alt=\"Vera Fischer e Vitor Thir\u00e9 - Foto: Reginaldo Teixeira\" width=\"854\" height=\"1280\" src=\"https:\/\/www.europesays.com\/pt\/wp-content\/uploads\/2025\/11\/vera-fischer-aniversario-5.jpeg\"  \/>Vera Fischer e Vitor Thir\u00e9 \u2013 Foto: Reginaldo Teixeira <img loading=\"lazy\" decoding=\"async\" class=\"wp-image-1036980 size-full img-fluid lazy\" alt=\"Vera Fischer e Norma Thir\u00e9 - Foto: Reginaldo Teixeira\" width=\"854\" height=\"1280\" src=\"https:\/\/www.europesays.com\/pt\/wp-content\/uploads\/2025\/11\/vera-fischer-aniversario-6.jpeg\"  \/>Vera Fischer e Norma Thir\u00e9 \u2013 Foto: Reginaldo Teixeira <img loading=\"lazy\" decoding=\"async\" class=\"wp-image-1036978 size-full img-fluid lazy\" alt=\"Vinicius Belo e Vera Fischer - Foto: Reginaldo Teixeira\" width=\"1600\" height=\"1066\" src=\"https:\/\/www.europesays.com\/pt\/wp-content\/uploads\/2025\/11\/vera-fischer-aniversario-4.jpeg\"  \/>Vinicius Belo e Vera Fischer \u2013 Foto: Reginaldo Teixeira <\/p>\n<p><strong>Leia tamb\u00e9m<\/strong>: <a href=\"https:\/\/caras.com.br\/sem-categoria\/vera-fischer-reflete-sobre-etarismo-para-a-mulher-e-mais-complicado.phtml\" rel=\"nofollow noopener\" target=\"_blank\">Vera Fischer reflete sobre etarismo: \u2018Para a mulher \u00e9 mais complicado\u2019<\/a><\/p>\n<p>        <a href=\"https:\/\/caras.com.br\/autor\/priscilla-comoti\" rel=\"nofollow noopener\" target=\"_blank\">&#13;<br \/>\n          <img alt=\"Priscilla Comoti\" src=\"https:\/\/www.europesays.com\/pt\/wp-content\/uploads\/2025\/11\/1764335954_442_e53883bdf02c542f6517b68879e8cb08b27a1d55c4dfd53577e47d3ab6331a06\"  class=\"avatar avatar-115 photo rounded-circle mr-3\" height=\"115\" width=\"115\" loading=\"lazy\" decoding=\"async\"\/>        <\/a><\/p>\n<p>Priscilla Comoti \u00e9 editora de conte\u00fado do site CARAS. Ela \u00e9 formada em jornalismo e em audiovisual, j\u00e1 passou pelos sites Contigo!, Minha Novela, TiTiTi, Mais Novela e Portal M\u00e1rcia Piovesan. Escreve sobre celebridades, not\u00edcias sobre a fam\u00edlia real brit\u00e2nica, TV, reality show e novelas.<\/p>\n","protected":false},"excerpt":{"rendered":"Vera Fischer &#8211; Foto: Reginaldo Teixeira A atriz Vera Fischer comemorou o seu anivers\u00e1rio de 74 anos de&hellip;\n","protected":false},"author":2,"featured_media":168236,"comment_status":"","ping_status":"","sticky":false,"template":"","format":"standard","meta":{"footnotes":""},"categories":[145],"tags":[996,211,210,114,115,32,33,10206],"class_list":{"0":"post-168235","1":"post","2":"type-post","3":"status-publish","4":"format-standard","5":"has-post-thumbnail","7":"category-celebridades","8":"tag-aniversario","9":"tag-celebridades","10":"tag-celebrities","11":"tag-entertainment","12":"tag-entretenimento","13":"tag-portugal","14":"tag-pt","15":"tag-vera-fischer"},"share_on_mastodon":{"url":"https:\/\/pubeurope.com\/@pt\/115627529010379987","error":""},"_links":{"self":[{"href":"https:\/\/www.europesays.com\/pt\/wp-json\/wp\/v2\/posts\/168235","targetHints":{"allow":["GET"]}}],"collection":[{"href":"https:\/\/www.europesays.com\/pt\/wp-json\/wp\/v2\/posts"}],"about":[{"href":"https:\/\/www.europesays.com\/pt\/wp-json\/wp\/v2\/types\/post"}],"author":[{"embeddable":true,"href":"https:\/\/www.europesays.com\/pt\/wp-json\/wp\/v2\/users\/2"}],"replies":[{"embeddable":true,"href":"https:\/\/www.europesays.com\/pt\/wp-json\/wp\/v2\/comments?post=168235"}],"version-history":[{"count":0,"href":"https:\/\/www.europesays.com\/pt\/wp-json\/wp\/v2\/posts\/168235\/revisions"}],"wp:featuredmedia":[{"embeddable":true,"href":"https:\/\/www.europesays.com\/pt\/wp-json\/wp\/v2\/media\/168236"}],"wp:attachment":[{"href":"https:\/\/www.europesays.com\/pt\/wp-json\/wp\/v2\/media?parent=168235"}],"wp:term":[{"taxonomy":"category","embeddable":true,"href":"https:\/\/www.europesays.com\/pt\/wp-json\/wp\/v2\/categories?post=168235"},{"taxonomy":"post_tag","embeddable":true,"href":"https:\/\/www.europesays.com\/pt\/wp-json\/wp\/v2\/tags?post=168235"}],"curies":[{"name":"wp","href":"https:\/\/api.w.org\/{rel}","templated":true}]}}