{"id":168252,"date":"2025-11-28T13:31:13","date_gmt":"2025-11-28T13:31:13","guid":{"rendered":"https:\/\/www.europesays.com\/pt\/168252\/"},"modified":"2025-11-28T13:31:13","modified_gmt":"2025-11-28T13:31:13","slug":"gouveia-e-melo-e-ventura-lideram-corrida-a-segunda-volta","status":"publish","type":"post","link":"https:\/\/www.europesays.com\/pt\/168252\/","title":{"rendered":"Gouveia e Melo e Ventura lideram corrida \u00e0 segunda volta"},"content":{"rendered":"<p>A mais recente sondagem do ICS\/ISCTE para o <a aria-label=\"content\" target=\"_blank\" href=\"https:\/\/expresso.pt\/politica\/eleicoes\/presidenciais-2026\/2025-11-27-sondagem-expresso-sic-ventura-e-gouveia-lideram-primeira-volta-dc546a9a\" rel=\"nofollow noopener\">Expresso <\/a>e a SIC coloca Andr\u00e9 Ventura e Henrique Gouveia e Melo na frente da corrida \u00e0s presidenciais de 2026. Os dois candidatos surgem empatados com 18 por cento de inten\u00e7\u00e3o direta de voto, antes da distribui\u00e7\u00e3o de indecisos, e destacam-se como os nomes mais bem posicionados para chegar \u00e0 segunda volta. Lu\u00eds Marques Mendes aparece logo atr\u00e1s, com 16 por cento, mas dentro da margem de erro, o que o deixa tecnicamente empatado com ambos.<\/p>\n<p>Quando \u00e9 feita a distribui\u00e7\u00e3o dos 22 por cento de indecisos, o almirante sobe para 26 por cento, Ventura para 25 e Marques Mendes para 23. O estudo indica ainda que Ant\u00f3nio Jos\u00e9 Seguro fica longe do p\u00f3dio, com apenas 10 por cento (14 por cento ap\u00f3s imputa\u00e7\u00e3o de indecisos). O candidato mostra perda de apoio sobretudo para Gouveia e Melo, que tem crescido de forma mais expressiva entre eleitores de esquerda. <\/p>\n<p>Jo\u00e3o Cotrim de Figueiredo n\u00e3o ultrapassa os 3 por cento na inten\u00e7\u00e3o direta, enquanto Ant\u00f3nio Filipe, Catarina Martins, Jorge Pinto e os restantes candidatos surgem com valores residuais.<\/p>\n<p>A sondagem tamb\u00e9m testou cen\u00e1rios de segunda volta: em nenhum deles Andr\u00e9 Ventura conseguiria ser eleito, enquanto Gouveia e Melo venceria todos os confrontos diretos. Marques Mendes \u00e9 o \u00fanico a aproximar-se , chegando aos 31 por cento num duelo com o almirante, que alcan\u00e7a 35 por cento nesse cen\u00e1rio. <\/p>\n<p>O estudo ICS\/ISCTE, com trabalho de campo da GfK Metris, baseia-se em 807 entrevistas presenciais realizadas antes dos debates televisivos, que arrancaram a 17 de novembro.<\/p>\n","protected":false},"excerpt":{"rendered":"A mais recente sondagem do ICS\/ISCTE para o Expresso e a SIC coloca Andr\u00e9 Ventura e Henrique Gouveia&hellip;\n","protected":false},"author":2,"featured_media":168253,"comment_status":"","ping_status":"","sticky":false,"template":"","format":"standard","meta":{"footnotes":""},"categories":[10],"tags":[3386,27,28,15,16,9498,14,25,26,21,22,12,13,19,20,32,1076,23,24,33,4862,17,18,29,30,31],"class_list":{"0":"post-168252","1":"post","2":"type-post","3":"status-publish","4":"format-standard","5":"has-post-thumbnail","7":"category-portugal","8":"tag-andre-ventura","9":"tag-breaking-news","10":"tag-breakingnews","11":"tag-featured-news","12":"tag-featurednews","13":"tag-gouveia-e-melo","14":"tag-headlines","15":"tag-latest-news","16":"tag-latestnews","17":"tag-main-news","18":"tag-mainnews","19":"tag-news","20":"tag-noticias","21":"tag-noticias-principais","22":"tag-noticiasprincipais","23":"tag-portugal","24":"tag-presidenciais-2026","25":"tag-principais-noticias","26":"tag-principaisnoticias","27":"tag-pt","28":"tag-sondagem","29":"tag-top-stories","30":"tag-topstories","31":"tag-ultimas","32":"tag-ultimas-noticias","33":"tag-ultimasnoticias"},"share_on_mastodon":{"url":"https:\/\/pubeurope.com\/@pt\/115627575423340102","error":""},"_links":{"self":[{"href":"https:\/\/www.europesays.com\/pt\/wp-json\/wp\/v2\/posts\/168252","targetHints":{"allow":["GET"]}}],"collection":[{"href":"https:\/\/www.europesays.com\/pt\/wp-json\/wp\/v2\/posts"}],"about":[{"href":"https:\/\/www.europesays.com\/pt\/wp-json\/wp\/v2\/types\/post"}],"author":[{"embeddable":true,"href":"https:\/\/www.europesays.com\/pt\/wp-json\/wp\/v2\/users\/2"}],"replies":[{"embeddable":true,"href":"https:\/\/www.europesays.com\/pt\/wp-json\/wp\/v2\/comments?post=168252"}],"version-history":[{"count":0,"href":"https:\/\/www.europesays.com\/pt\/wp-json\/wp\/v2\/posts\/168252\/revisions"}],"wp:featuredmedia":[{"embeddable":true,"href":"https:\/\/www.europesays.com\/pt\/wp-json\/wp\/v2\/media\/168253"}],"wp:attachment":[{"href":"https:\/\/www.europesays.com\/pt\/wp-json\/wp\/v2\/media?parent=168252"}],"wp:term":[{"taxonomy":"category","embeddable":true,"href":"https:\/\/www.europesays.com\/pt\/wp-json\/wp\/v2\/categories?post=168252"},{"taxonomy":"post_tag","embeddable":true,"href":"https:\/\/www.europesays.com\/pt\/wp-json\/wp\/v2\/tags?post=168252"}],"curies":[{"name":"wp","href":"https:\/\/api.w.org\/{rel}","templated":true}]}}