{"id":168256,"date":"2025-11-28T13:34:10","date_gmt":"2025-11-28T13:34:10","guid":{"rendered":"https:\/\/www.europesays.com\/pt\/168256\/"},"modified":"2025-11-28T13:34:10","modified_gmt":"2025-11-28T13:34:10","slug":"internado-nuno-markl-faz-sentido-apelo-nao-se-deixem-enganar","status":"publish","type":"post","link":"https:\/\/www.europesays.com\/pt\/168256\/","title":{"rendered":"Internado, Nuno Markl faz sentido apelo: &#8220;N\u00e3o se deixem enganar&#8221;"},"content":{"rendered":"<p><a href=\"https:\/\/selfie.iol.pt\/famosos\/nuno-markl\/quem-e-teresa-sacramento-a-mulher-que-conquistou-o-coracao-de-nuno-markl\/20251127\/69286cd5d34e2bd5c6d47fcc\" target=\"_blank\" rel=\"nofollow noopener\">Nuno Markl<\/a> continua a recuperar do AVC que sofreu na semana passada. Nas redes sociais, o humorista decidiu fazer um &#8220;breve mas sentido tributo&#8221; e, pelo meio, deixou um sentido apelo.<\/p>\n<p>&#8220;Um breve mas sentido tributo a duas pessoas que me est\u00e3o a p\u00f4r no caminho de voltar a ser o que era: o neurologista e gajo extremamente fixe Jo\u00e3o Pedro Marto e a \u00e9pica fisioterapeuta\u00a0Carla Ganh\u00e3o.<\/p>\n<p>&#8220;Louvemos os profissionais de sa\u00fade &#8211; incluindo toda a equipa de enfermagem e auxiliares. Devemos tudo a estas pessoas, n\u00e3o se deixem enganar. S\u00e3o estas pessoas que nos salvam a vida e que a ela nos devolvem&#8221;, rematou, numa clara alus\u00e3o ao pol\u00e9mico v\u00eddeo partilhado por Gustavo Santos, que culpou o estilo de vida e as vacinas pelo AVC de Nuno Markl \u2013 e que j\u00e1 lhe valeu cr\u00edticas de figuras como <a href=\"https:\/\/selfie.iol.pt\/famosos\/cristina-ferreira\/cristina-ferreira-lamenta-comentario-de-gustavo-santos-sobre-nuno-markl-nao-me-parece-que-tenha-bom-coracao\/20251127\/6928627ed34e2bd5c6d47edb\" target=\"_blank\" rel=\"nofollow noopener\">Cristina Ferreira<\/a> e <a href=\"https:\/\/selfie.iol.pt\/famosos\/bruno-de-carvalho\/bruno-de-carvalho-arrasa-gustavo-santos-diarreias-mentais\/20251125\/6925a0d8d34e2bd5c6d46315\" target=\"_blank\" rel=\"nofollow noopener\">Bruno de Carvalho<\/a>.<\/p>\n<p>Veja, agora, a fotografia partilhada pelo radialista.<\/p>\n<p style=\"text-align:center\"><img loading=\"lazy\" decoding=\"async\" alt=\"\" height=\"545\" src=\"https:\/\/www.europesays.com\/pt\/wp-content\/uploads\/2025\/11\/69296877d34e3caad84bcdb1.webp\" width=\"545\"\/><\/p>\n<p>\u00a0<\/p>\n","protected":false},"excerpt":{"rendered":"Nuno Markl continua a recuperar do AVC que sofreu na semana passada. Nas redes sociais, o humorista decidiu&hellip;\n","protected":false},"author":2,"featured_media":168257,"comment_status":"","ping_status":"","sticky":false,"template":"","format":"standard","meta":{"footnotes":""},"categories":[145],"tags":[1493,211,210,114,115,980,34443,1015,619,11435,32,33,548,1012],"class_list":{"0":"post-168256","1":"post","2":"type-post","3":"status-publish","4":"format-standard","5":"has-post-thumbnail","7":"category-celebridades","8":"tag-avc","9":"tag-celebridades","10":"tag-celebrities","11":"tag-entertainment","12":"tag-entretenimento","13":"tag-famosos","14":"tag-gustavo-santos","15":"tag-instagram","16":"tag-nacional","17":"tag-nuno-markl","18":"tag-portugal","19":"tag-pt","20":"tag-redes-sociais","21":"tag-selfie"},"share_on_mastodon":{"url":"https:\/\/pubeurope.com\/@pt\/115627587699987418","error":""},"_links":{"self":[{"href":"https:\/\/www.europesays.com\/pt\/wp-json\/wp\/v2\/posts\/168256","targetHints":{"allow":["GET"]}}],"collection":[{"href":"https:\/\/www.europesays.com\/pt\/wp-json\/wp\/v2\/posts"}],"about":[{"href":"https:\/\/www.europesays.com\/pt\/wp-json\/wp\/v2\/types\/post"}],"author":[{"embeddable":true,"href":"https:\/\/www.europesays.com\/pt\/wp-json\/wp\/v2\/users\/2"}],"replies":[{"embeddable":true,"href":"https:\/\/www.europesays.com\/pt\/wp-json\/wp\/v2\/comments?post=168256"}],"version-history":[{"count":0,"href":"https:\/\/www.europesays.com\/pt\/wp-json\/wp\/v2\/posts\/168256\/revisions"}],"wp:featuredmedia":[{"embeddable":true,"href":"https:\/\/www.europesays.com\/pt\/wp-json\/wp\/v2\/media\/168257"}],"wp:attachment":[{"href":"https:\/\/www.europesays.com\/pt\/wp-json\/wp\/v2\/media?parent=168256"}],"wp:term":[{"taxonomy":"category","embeddable":true,"href":"https:\/\/www.europesays.com\/pt\/wp-json\/wp\/v2\/categories?post=168256"},{"taxonomy":"post_tag","embeddable":true,"href":"https:\/\/www.europesays.com\/pt\/wp-json\/wp\/v2\/tags?post=168256"}],"curies":[{"name":"wp","href":"https:\/\/api.w.org\/{rel}","templated":true}]}}