{"id":168262,"date":"2025-11-28T13:38:12","date_gmt":"2025-11-28T13:38:12","guid":{"rendered":"https:\/\/www.europesays.com\/pt\/168262\/"},"modified":"2025-11-28T13:38:12","modified_gmt":"2025-11-28T13:38:12","slug":"ana-garcia-martins-roast-a-musica-de-natal","status":"publish","type":"post","link":"https:\/\/www.europesays.com\/pt\/168262\/","title":{"rendered":"Ana Garcia Martins: \u201cRoast \u00e0 m\u00fasica de Natal\u201d"},"content":{"rendered":"<p>A m\u00fasica de Natal da RFM j\u00e1 saiu e \u00e9 claro que a Ana Garcia Martins tinha de fazer um roast! Ningu\u00e9m se safou!!\n<\/p>\n<p>Ningu\u00e9m POD Comigo \u00e9 com Bestravel, marca n\u00famero um Escolha do Consumidor com mais de vinte anos de experi\u00eancia e <a href=\"https:\/\/www.elcorteingles.pt\/black-friday\/?srsltid=AfmBOooABH_7CM08Wns7IA93PowfdvhUmYHhuuYXhHYAjf-4TH1A7Lvy\" target=\"_blank\" rel=\"nofollow noopener\">Black Friday do EL CORTE INGL\u00c9S<\/a>\n<\/p>\n<p>V\u00ea aqui!\n<\/p>\n<p>Ouve aqui todos os epis\u00f3dios do <a href=\"https:\/\/rfm.pt\/podcast\/148\/ninguem-pod-comigo\" target=\"_blank\" rel=\"nofollow noopener\">Ningu\u00e9m POD comigo<\/a> com Ana Garcia Martins, no Caf\u00e9 da Manh\u00e3 da RFM.<\/p>\n","protected":false},"excerpt":{"rendered":"A m\u00fasica de Natal da RFM j\u00e1 saiu e \u00e9 claro que a Ana Garcia Martins tinha de&hellip;\n","protected":false},"author":2,"featured_media":168263,"comment_status":"","ping_status":"","sticky":false,"template":"","format":"standard","meta":{"footnotes":""},"categories":[141],"tags":[783,778,779,774,764,769,767,772,782,114,115,784,222,771,773,149,150,768,777,32,33,766,781,765,763,775,780,776,770],"class_list":{"0":"post-168262","1":"post","2":"type-post","3":"status-publish","4":"format-standard","5":"has-post-thumbnail","7":"category-musica","8":"tag-6pm","9":"tag-80s-rfm","10":"tag-80srfm","11":"tag-90s","12":"tag-bruno-mars","13":"tag-cafe-da-manha","14":"tag-comedia","15":"tag-dance-it","16":"tag-emissao-online","17":"tag-entertainment","18":"tag-entretenimento","19":"tag-fridayboyz","20":"tag-humor","21":"tag-jazzy","22":"tag-latinas","23":"tag-music","24":"tag-musica","25":"tag-nilton","26":"tag-oceano-pacifico","27":"tag-portugal","28":"tag-pt","29":"tag-radio","30":"tag-radio-online","31":"tag-rfm","32":"tag-rock-in-rio","33":"tag-rocks","34":"tag-somnii","35":"tag-toca-portugal","36":"tag-top-25"},"share_on_mastodon":{"url":"https:\/\/pubeurope.com\/@pt\/115627602960934052","error":""},"_links":{"self":[{"href":"https:\/\/www.europesays.com\/pt\/wp-json\/wp\/v2\/posts\/168262","targetHints":{"allow":["GET"]}}],"collection":[{"href":"https:\/\/www.europesays.com\/pt\/wp-json\/wp\/v2\/posts"}],"about":[{"href":"https:\/\/www.europesays.com\/pt\/wp-json\/wp\/v2\/types\/post"}],"author":[{"embeddable":true,"href":"https:\/\/www.europesays.com\/pt\/wp-json\/wp\/v2\/users\/2"}],"replies":[{"embeddable":true,"href":"https:\/\/www.europesays.com\/pt\/wp-json\/wp\/v2\/comments?post=168262"}],"version-history":[{"count":0,"href":"https:\/\/www.europesays.com\/pt\/wp-json\/wp\/v2\/posts\/168262\/revisions"}],"wp:featuredmedia":[{"embeddable":true,"href":"https:\/\/www.europesays.com\/pt\/wp-json\/wp\/v2\/media\/168263"}],"wp:attachment":[{"href":"https:\/\/www.europesays.com\/pt\/wp-json\/wp\/v2\/media?parent=168262"}],"wp:term":[{"taxonomy":"category","embeddable":true,"href":"https:\/\/www.europesays.com\/pt\/wp-json\/wp\/v2\/categories?post=168262"},{"taxonomy":"post_tag","embeddable":true,"href":"https:\/\/www.europesays.com\/pt\/wp-json\/wp\/v2\/tags?post=168262"}],"curies":[{"name":"wp","href":"https:\/\/api.w.org\/{rel}","templated":true}]}}