{"id":168266,"date":"2025-11-28T13:43:15","date_gmt":"2025-11-28T13:43:15","guid":{"rendered":"https:\/\/www.europesays.com\/pt\/168266\/"},"modified":"2025-11-28T13:43:15","modified_gmt":"2025-11-28T13:43:15","slug":"5-celulares-que-carregam-rapido-e-tem-muita-bateria-2025","status":"publish","type":"post","link":"https:\/\/www.europesays.com\/pt\/168266\/","title":{"rendered":"5 celulares que carregam r\u00e1pido e t\u00eam muita bateria [2025]"},"content":{"rendered":"<p class=\"fitec-embcmp\"><a href=\"https:\/\/profile.google.com\/cp\/CgsvZy8xMjFqY2oxMw\" target=\"_blank\" class=\"ftecmp-button\" rel=\"nofollow noopener\">Siga o Olhar Digital no Google Discover<\/a><\/p>\n<p>Se voc\u00ea sente que a autonomia de <a href=\"https:\/\/olhardigital.com.br\/2024\/08\/15\/dicas-e-tutoriais\/5-sinais-que-voce-deve-trocar-bateria-do-celular\/\" target=\"_blank\" rel=\"noreferrer noopener nofollow\">bateria<\/a> do seu celular n\u00e3o acompanha seu ritmo di\u00e1rio, talvez seja hora de mudar de aparelho. Um modelo que combine bateria grande e <a href=\"https:\/\/olhardigital.com.br\/2025\/05\/21\/reviews\/carregamento-rapido-estraga-o-celular-entenda\/\" target=\"_blank\" rel=\"noreferrer noopener nofollow\">carregamento r\u00e1pido<\/a> pode resolver esse problema.<\/p>\n<p>Celulares com 5.000 mAh ou mais oferecem energia suficiente para longos per\u00edodos de uso, enquanto carregamento r\u00e1pido a partir de 20 W permite recuperar boa parte da bateria em poucos minutos.<\/p>\n<p>A seguir, listamos 5 modelos que se destacam nesse equil\u00edbrio entre autonomia e recarga veloz, ideais para quem n\u00e3o quer perder tempo na tomada.<\/p>\n<p>5 celulares que carregam r\u00e1pido e tem muita bateria<a href=\"https:\/\/olhardigital.com.br\/fichas-tecnicas\/poco-x7-pro\/\" title=\"POCO X7 Pro\" rel=\"nofollow noopener\" target=\"_blank\">POCO X7 Pro<\/a> 5G<\/p>\n<p>Prometendo at\u00e9 14,5 horas de uso cont\u00ednuo, o <strong><a href=\"https:\/\/olhardigital.com.br\/fichas-tecnicas\/poco-x7-pro\/\" title=\"POCO X7 Pro\" rel=\"nofollow noopener\" target=\"_blank\">POCO X7 Pro<\/a> 5G<\/strong> combina autonomia e desempenho. Sua bateria de 6.000 mAh garante at\u00e9 2 dias e meio de uso intenso. Com o carregamento r\u00e1pido de 90\u202fW, \u00e9 poss\u00edvel levar a carga de 0 a 100% em cerca de 42 minutos.<\/p>\n<p>Al\u00e9m disso, o aparelho conta com o processador MediaTek Dimensity 8400\u2011Ultra. Os modelos dispon\u00edveis s\u00e3o 8\u202fGB RAM + 256\u202fGB ROM, 12\u202fGB RAM + 256\u202fGB ROM ou 12\u202fGB RAM + 512\u202fGB ROM.<\/p>\n<p>J\u00e1 a sua tela AMOLED CrystalRes de 6,67\u2033 tem taxa de atualiza\u00e7\u00e3o de 120\u202fHz, brilho m\u00e1ximo de at\u00e9 3.200\u202fnits e resolu\u00e7\u00e3o de 2712 \u00d7 1220 (1,5K).<\/p>\n<p>O conjunto de c\u00e2meras inclui uma traseira de 50\u202fMP + 8\u202fMP e uma frontal de 20\u202fMP. A grava\u00e7\u00e3o de v\u00eddeos chega a 4K a 60\u202ffps.<\/p>\n<p>\t\t\t\t\t<img decoding=\"async\" src=\"https:\/\/www.europesays.com\/pt\/wp-content\/uploads\/2025\/11\/Smartphone-Xiaomi-Poco-X7-Pro-5G.jpg\" width=\"365\" height=\"232\" alt=\"\" loading=\"lazy\"\/><\/p>\n<p>\t\t\t\tOPPO Reno13 F<br \/>\n<img loading=\"lazy\" decoding=\"async\" width=\"1024\" height=\"576\" src=\"https:\/\/www.europesays.com\/pt\/wp-content\/uploads\/2025\/11\/OPPO-Reno13-F-1024x576.jpg\" alt=\"OPPO Reno13 F\" class=\"wp-image-1220038\"  \/>OPPO Reno13 F \/ Cr\u00e9dito: OPPO (reprodu\u00e7\u00e3o)<\/p>\n<p>O smartphone <strong>OPPO Reno13 F 5G<\/strong> traz bateria de 5800 mAh, que mant\u00e9m o uso por longos per\u00edodos. O carregamento r\u00e1pido de 45 W rep\u00f5e energia com agilidade e funciona com v\u00e1rios protocolos, como SUPERVOOC, PD, QC e PPS.<\/p>\n<p>O aparelho usa o Snapdragon 6 Gen 1. A tela AMOLED de 6,67\u2033 entrega 120 Hz e resolu\u00e7\u00e3o 1080 \u00d7 2400.<\/p>\n<p>O conjunto traseiro re\u00fane c\u00e2mera principal de 50 MP com OIS, ultragrande-angular de 8 MP e macro de 2 MP. A frontal conta com 32 MP.<\/p>\n<p>A mem\u00f3ria combina 12 GB de RAM com 256 GB em UFS 3.1, com suporte para cart\u00e3o de expans\u00e3o.<\/p>\n<p>\t\t\t\t\t<img decoding=\"async\" src=\"https:\/\/www.europesays.com\/pt\/wp-content\/uploads\/2025\/11\/OPPO-Reno13-F-1.jpg\" width=\"365\" height=\"232\" alt=\"\" loading=\"lazy\"\/><\/p>\n<p>\t\t\t\t<a href=\"https:\/\/olhardigital.com.br\/fichas-tecnicas\/motorola-edge-60-pro\/\" title=\"Motorola Edge 60 Pro\" rel=\"nofollow noopener\" target=\"_blank\">Motorola Edge 60 Pro<\/a><\/p>\n<p>Com bateria de 6000 mAh e carregamento r\u00e1pido de 90 W TurboPower, junto com carregamento sem fio de 15 W, o <a href=\"https:\/\/olhardigital.com.br\/fichas-tecnicas\/motorola-edge-60-pro\/\" title=\"Motorola Edge 60 Pro\" rel=\"nofollow noopener\" target=\"_blank\">Motorola Edge 60 Pro<\/a> mant\u00e9m o uso por longos per\u00edodos. Essa combina\u00e7\u00e3o garante at\u00e9 45 horas de uso cont\u00ednuo. Al\u00e9m disso, a Motorola promete recarregar bateria suficiente para o dia todo em cerca de 6 minutos.\u00a0<\/p>\n<p>O aparelho ainda vem com o processador Dimensity 8350 Extreme. O modelo oferece vers\u00f5es de RAM e armazenamento de 8 GB + 256 GB, 12 GB + 256 GB e 12 GB + 512 GB. A tela do smartphone \u00e9 pOLED de 6,7\u2033, com resolu\u00e7\u00e3o 1,5K Super HD, HDR10+ e taxa de atualiza\u00e7\u00e3o de 120 Hz.\u00a0<\/p>\n<p>O conjunto de c\u00e2meras inclui traseira com 50 MP + 50 MP + 10 MP (teleobjetiva, zoom \u00f3ptico 3x e combinado 50x) e frontal de 50 MP, todas com recursos de estabiliza\u00e7\u00e3o e grava\u00e7\u00e3o em 4K.<\/p>\n<p>\t\t\t\t\t<img decoding=\"async\" src=\"https:\/\/www.europesays.com\/pt\/wp-content\/uploads\/2025\/11\/motorola-edge-60-pro.jpg\" width=\"365\" height=\"232\" alt=\"\" loading=\"lazy\"\/><\/p>\n<p><strong>Leia mais<\/strong><\/p>\n<p><a href=\"https:\/\/olhardigital.com.br\/fichas-tecnicas\/doogee-v-max-plus\/\" title=\"Doogee V Max Plus\" rel=\"nofollow noopener\" target=\"_blank\">Doogee V Max Plus<\/a> 5G<\/p>\n<p>Entregando resist\u00eancia e autonomia de bateria de alto n\u00edvel, o <strong><a href=\"https:\/\/olhardigital.com.br\/fichas-tecnicas\/doogee-v-max-plus\/\" title=\"Doogee V Max Plus\" rel=\"nofollow noopener\" target=\"_blank\">Doogee V Max Plus<\/a><\/strong> garante desempenho confi\u00e1vel.<\/p>\n<p>Esse rugged phone conta com bateria de 22.000\u202fmAh e carregamento r\u00e1pido de 33\u202fW. Al\u00e9m disso, suporta reverse charging, ou seja, pode ser usado como power bank para recarregar outros dispositivos conectando-os via cabo USB-C ou OTG.<\/p>\n<p>O aparelho traz processador MediaTek Dimensity 7050, 36\u202fGB de RAM (16\u202fGB f\u00edsica + 20\u202fGB virtual) e 512\u202fGB de armazenamento, expans\u00edvel via microSDXC at\u00e9 2\u202fTB.\u00a0<\/p>\n<p>A tela \u00e9 IPS de 6,58\u2033, com resolu\u00e7\u00e3o FHD+ 1080\u00d72408, 120\u202fHz e prote\u00e7\u00e3o Gorilla Glass 5. O conjunto de c\u00e2meras inclui traseira de 200\u202fMP (principal) + 24\u202fMP\/20\u202fMP (vis\u00e3o noturna) + 8\u202fMP (ultrawide\/macro) e frontal de 32\u202fMP.<\/p>\n<p>\t\t\t\t\t<img decoding=\"async\" src=\"https:\/\/www.europesays.com\/pt\/wp-content\/uploads\/2025\/11\/Doogee-V-Max-Plus-5G-1.jpg\" width=\"365\" height=\"232\" alt=\"\" loading=\"lazy\"\/><\/p>\n<p>\t\t\t\t<a href=\"https:\/\/olhardigital.com.br\/fichas-tecnicas\/redmagic-10s-pro\/\" title=\"REDMAGIC 10S Pro\" rel=\"nofollow noopener\" target=\"_blank\">REDMAGIC 10S Pro<\/a><\/p>\n<p>O celular gamer <strong><a href=\"https:\/\/olhardigital.com.br\/fichas-tecnicas\/redmagic-10s-pro\/\" title=\"REDMAGIC 10S Pro\" rel=\"nofollow noopener\" target=\"_blank\">REDMAGIC 10S Pro<\/a><\/strong> combina muita bateria com carregamento r\u00e1pido para quem precisa de uso intenso no dia a dia. Ele traz uma bateria de 6500 mAh e suporte a carga de 80W, garantindo recargas r\u00e1pidas e longos per\u00edodos longe da tomada.\u00a0<\/p>\n<p>Depois da parte de energia, o modelo se destaca pelo processador Qualcomm Snapdragon 8 Elite Leading Version, acompanhado do chip RedCore R3 Pro. A tela de 6,85 polegadas entrega resolu\u00e7\u00e3o 1,5K e taxa de atualiza\u00e7\u00e3o de 144Hz.<\/p>\n<p>O <a href=\"https:\/\/olhardigital.com.br\/fichas-tecnicas\/redmagic-10s-pro\/\" title=\"REDMAGIC 10S Pro\" rel=\"nofollow noopener\" target=\"_blank\">REDMAGIC 10S Pro<\/a> tem um conjunto de c\u00e2meras traseiras triplo de 50\u202fMP + 50\u202fMP + 2\u202fMP e uma frontal de 16\u202fMP. As vers\u00f5es incluem op\u00e7\u00f5es com 12 GB ou 16 GB de RAM e armazenamento de 256 GB ou 512 GB, dependendo da configura\u00e7\u00e3o escolhida.<\/p>\n<p>\t\t\t\t\t<img decoding=\"async\" src=\"https:\/\/www.europesays.com\/pt\/wp-content\/uploads\/2025\/11\/REDMAGIC-10S-Pro-1.jpg\" width=\"365\" height=\"232\" alt=\"\" loading=\"lazy\"\/><\/p>\n<p>\t\t\t\t\t&#13;<br \/>\n\t\t\t\t\t&#13;<\/p>\n","protected":false},"excerpt":{"rendered":"Siga o Olhar Digital no Google Discover Se voc\u00ea sente que a autonomia de bateria do seu celular&hellip;\n","protected":false},"author":2,"featured_media":168267,"comment_status":"","ping_status":"","sticky":false,"template":"","format":"standard","meta":{"footnotes":""},"categories":[84],"tags":[109,107,108,32,33,105,103,104,106,110],"class_list":{"0":"post-168266","1":"post","2":"type-post","3":"status-publish","4":"format-standard","5":"has-post-thumbnail","7":"category-ciencia-e-tecnologia","8":"tag-ciencia","9":"tag-ciencia-e-tecnologia","10":"tag-cienciaetecnologia","11":"tag-portugal","12":"tag-pt","13":"tag-science","14":"tag-science-and-technology","15":"tag-scienceandtechnology","16":"tag-technology","17":"tag-tecnologia"},"share_on_mastodon":{"url":"https:\/\/pubeurope.com\/@pt\/115627623703210909","error":""},"_links":{"self":[{"href":"https:\/\/www.europesays.com\/pt\/wp-json\/wp\/v2\/posts\/168266","targetHints":{"allow":["GET"]}}],"collection":[{"href":"https:\/\/www.europesays.com\/pt\/wp-json\/wp\/v2\/posts"}],"about":[{"href":"https:\/\/www.europesays.com\/pt\/wp-json\/wp\/v2\/types\/post"}],"author":[{"embeddable":true,"href":"https:\/\/www.europesays.com\/pt\/wp-json\/wp\/v2\/users\/2"}],"replies":[{"embeddable":true,"href":"https:\/\/www.europesays.com\/pt\/wp-json\/wp\/v2\/comments?post=168266"}],"version-history":[{"count":0,"href":"https:\/\/www.europesays.com\/pt\/wp-json\/wp\/v2\/posts\/168266\/revisions"}],"wp:featuredmedia":[{"embeddable":true,"href":"https:\/\/www.europesays.com\/pt\/wp-json\/wp\/v2\/media\/168267"}],"wp:attachment":[{"href":"https:\/\/www.europesays.com\/pt\/wp-json\/wp\/v2\/media?parent=168266"}],"wp:term":[{"taxonomy":"category","embeddable":true,"href":"https:\/\/www.europesays.com\/pt\/wp-json\/wp\/v2\/categories?post=168266"},{"taxonomy":"post_tag","embeddable":true,"href":"https:\/\/www.europesays.com\/pt\/wp-json\/wp\/v2\/tags?post=168266"}],"curies":[{"name":"wp","href":"https:\/\/api.w.org\/{rel}","templated":true}]}}