{"id":168270,"date":"2025-11-28T13:45:13","date_gmt":"2025-11-28T13:45:13","guid":{"rendered":"https:\/\/www.europesays.com\/pt\/168270\/"},"modified":"2025-11-28T13:45:13","modified_gmt":"2025-11-28T13:45:13","slug":"chefe-de-gabinete-de-zelensky-alvo-de-buscas-no-ambito-de-esquema-de-corrupcao","status":"publish","type":"post","link":"https:\/\/www.europesays.com\/pt\/168270\/","title":{"rendered":"Chefe de gabinete de Zelensky alvo de buscas no \u00e2mbito de esquema de corrup\u00e7\u00e3o"},"content":{"rendered":"<p>\t                Andriy Yermak, chefe de gabinete do Presidente ucraniano Volodymyr Zelensky, diz estar a colaborar com as autoridades<\/p>\n<p>As autoridades ucranianas de luta contra a corrup\u00e7\u00e3o efetuaram buscas no gabinete do chefe de gabinete do Presidente Volodymyr Zelenskiy, Andriy Yermak, informaram as autoridades na sexta-feira.<br \/>\u00a0<br \/>&#8220;As a\u00e7\u00f5es de investiga\u00e7\u00e3o foram autorizadas e est\u00e3o a ser levadas a cabo no \u00e2mbito da investiga\u00e7\u00e3o. Mais pormenores a seguir&#8221;, declarou o gabinete do procurador especial anti-corrup\u00e7\u00e3o da Ucr\u00e2nia no Telegram.<\/p>\n<p><a href=\"https:\/\/www.theguardian.com\/world\/2025\/nov\/28\/ukraines-anti-corruption-agencies-search-home-zelenskyy-chief-aide-andriy-yermak\" target=\"_blank\" rel=\"nofollow noopener\">De acordo com o Guardian<\/a>, pelo menos dez investigadores do gabinete nacional anticorrup\u00e7\u00e3o (Nabu)\u00a0foram filmados a entrar no bairro governamental de Kiev.\u00a0\u00a0<\/p>\n<p>Andriy Yermak assegurou, no Telegram, que est\u00e1 a cooperar totalmente com os investigadores anticorrup\u00e7\u00e3o e revelou que\u00a0o seu apartamento tamb\u00e9m est\u00e1 a ser alvo de buscas.<\/p>\n<p>&#8220;Os investigadores n\u00e3o est\u00e3o a encontrar quaisquer obst\u00e1culos. Pela minha parte, estou a cooperar plenamente&#8221;, afirmou Yermak, que\u00a0est\u00e1 a ser investigado no \u00e2mbito de um esquema de corrup\u00e7\u00e3o envolvendo a empresa estatal Energoatom, respons\u00e1vel pela energia nuclear no pa\u00eds.\u00a0<\/p>\n<p>A Ag\u00eancia Nacional Anti Corrup\u00e7\u00e3o e a Procuradoria Especializada Anti Corrup\u00e7\u00e3o (SAP) disseram atrav\u00e9s de comunicado que as opera\u00e7\u00f5es fazem parte de uma investiga\u00e7\u00e3o &#8220;em curso&#8221; acrescentando que os detalhes v\u00e3o ser &#8220;divulgados em breve&#8221;.<\/p>\n<p>No centro do esc\u00e2ndalo, que\u00a0surgiu pela primeira vez no in\u00edcio de novembro, est\u00e1 Timur Mindich\u00a0fugiu do pa\u00eds e que tem\u00a0liga\u00e7\u00f5es a Zelensky.<\/p>\n<p>No in\u00edcio de novembro, o Nabu afirmou ter descoberto um esquema criminoso de alto n\u00edvel dentro do governo ucraniano, sendo que a investiga\u00e7\u00e3o baseia-se em mais de 1000 horas de escutas. Segundo o gabinete, pessoas com informa\u00e7\u00f5es privilegiadas receberam comiss\u00f5es ilegais de 10 a 15% de parceiros comerciais da Energoatom, a empresa estatal de energia nuclear e o mais importante fornecedor de energia da Ucr\u00e2nia.<\/p>\n<p>O esquema foi denunciado pelo pr\u00f3prio presidente ucraniano, mas foram levantas quest\u00f5es sobre quanto \u00e9 que o governo sabia que estava acontecer. Isto porque, no in\u00edcio deste m\u00eas, Zelensky demitiu dois ministros.<\/p>\n","protected":false},"excerpt":{"rendered":"Andriy Yermak, chefe de gabinete do Presidente ucraniano Volodymyr Zelensky, diz estar a colaborar com as autoridades As&hellip;\n","protected":false},"author":2,"featured_media":168271,"comment_status":"","ping_status":"","sticky":false,"template":"","format":"standard","meta":{"footnotes":""},"categories":[50],"tags":[609,836,35336,611,27,28,607,608,333,4469,832,604,135,610,476,15,16,301,830,14,603,25,26,570,21,22,831,833,62,35337,834,12,13,19,20,835,602,52,32,23,24,17,18,840,29,30,31,2416,63,64,65],"class_list":{"0":"post-168270","1":"post","2":"type-post","3":"status-publish","4":"format-standard","5":"has-post-thumbnail","7":"category-mundo","8":"tag-alerta","9":"tag-analise","10":"tag-andriy-yermak","11":"tag-ao-minuto","12":"tag-breaking-news","13":"tag-breakingnews","14":"tag-cnn","15":"tag-cnn-portugal","16":"tag-comentadores","17":"tag-corrupcao","18":"tag-costa","19":"tag-crime","20":"tag-desporto","21":"tag-direto","22":"tag-economia","23":"tag-featured-news","24":"tag-featurednews","25":"tag-governo","26":"tag-guerra","27":"tag-headlines","28":"tag-justica","29":"tag-latest-news","30":"tag-latestnews","31":"tag-live","32":"tag-main-news","33":"tag-mainnews","34":"tag-mais-vistas","35":"tag-marcelo","36":"tag-mundo","37":"tag-nabuel-luis-goucha","38":"tag-negocios","39":"tag-news","40":"tag-noticias","41":"tag-noticias-principais","42":"tag-noticiasprincipais","43":"tag-opiniao","44":"tag-pais","45":"tag-politica","46":"tag-portugal","47":"tag-principais-noticias","48":"tag-principaisnoticias","49":"tag-top-stories","50":"tag-topstories","51":"tag-ucrania","52":"tag-ultimas","53":"tag-ultimas-noticias","54":"tag-ultimasnoticias","55":"tag-volodymyr-zelensky","56":"tag-world","57":"tag-world-news","58":"tag-worldnews"},"share_on_mastodon":{"url":"","error":"Validation failed: Text character limit of 500 exceeded"},"_links":{"self":[{"href":"https:\/\/www.europesays.com\/pt\/wp-json\/wp\/v2\/posts\/168270","targetHints":{"allow":["GET"]}}],"collection":[{"href":"https:\/\/www.europesays.com\/pt\/wp-json\/wp\/v2\/posts"}],"about":[{"href":"https:\/\/www.europesays.com\/pt\/wp-json\/wp\/v2\/types\/post"}],"author":[{"embeddable":true,"href":"https:\/\/www.europesays.com\/pt\/wp-json\/wp\/v2\/users\/2"}],"replies":[{"embeddable":true,"href":"https:\/\/www.europesays.com\/pt\/wp-json\/wp\/v2\/comments?post=168270"}],"version-history":[{"count":0,"href":"https:\/\/www.europesays.com\/pt\/wp-json\/wp\/v2\/posts\/168270\/revisions"}],"wp:featuredmedia":[{"embeddable":true,"href":"https:\/\/www.europesays.com\/pt\/wp-json\/wp\/v2\/media\/168271"}],"wp:attachment":[{"href":"https:\/\/www.europesays.com\/pt\/wp-json\/wp\/v2\/media?parent=168270"}],"wp:term":[{"taxonomy":"category","embeddable":true,"href":"https:\/\/www.europesays.com\/pt\/wp-json\/wp\/v2\/categories?post=168270"},{"taxonomy":"post_tag","embeddable":true,"href":"https:\/\/www.europesays.com\/pt\/wp-json\/wp\/v2\/tags?post=168270"}],"curies":[{"name":"wp","href":"https:\/\/api.w.org\/{rel}","templated":true}]}}