{"id":168272,"date":"2025-11-28T13:46:16","date_gmt":"2025-11-28T13:46:16","guid":{"rendered":"https:\/\/www.europesays.com\/pt\/168272\/"},"modified":"2025-11-28T13:46:16","modified_gmt":"2025-11-28T13:46:16","slug":"obidos-vila-natal-regula-entradas-para-diminuir-filas","status":"publish","type":"post","link":"https:\/\/www.europesays.com\/pt\/168272\/","title":{"rendered":"\u00d3bidos Vila Natal regula entradas para diminuir filas"},"content":{"rendered":"<p data-remotead-prev-elm=\"true\" data-remotead-elm-id=\"inread\">A \u00d3bidos Criativa introduziu um novo sistema de entradas na \u00d3bidos Vila Natal, para evitar grandes concentra\u00e7\u00f5es de pessoas \u00e0 porta do castelo, onde decorre a maioria das atividades programas. A partir de agora, os visitantes ter\u00e3o de comprar os ingressos para horas espec\u00edficas, online ou nas bilheteiras, em fun\u00e7\u00e3o da disponibilidade existente. A lota\u00e7\u00e3o \u00e9 de cerca de 3000 pessoas. O evento \u00e9 inaugurado esta sexta-feira e prolonga-se at\u00e9 4 de janeiro, estando encerrado nos dias 25 de dezembro e 1 de janeiro.<\/p>\n","protected":false},"excerpt":{"rendered":"A \u00d3bidos Criativa introduziu um novo sistema de entradas na \u00d3bidos Vila Natal, para evitar grandes concentra\u00e7\u00f5es de&hellip;\n","protected":false},"author":2,"featured_media":168273,"comment_status":"","ping_status":"","sticky":false,"template":"","format":"standard","meta":{"footnotes":""},"categories":[10],"tags":[27,28,35338,15,16,14,25,26,21,22,7561,12,13,19,20,32,23,24,33,17,18,29,30,31,35339],"class_list":{"0":"post-168272","1":"post","2":"type-post","3":"status-publish","4":"format-standard","5":"has-post-thumbnail","7":"category-portugal","8":"tag-breaking-news","9":"tag-breakingnews","10":"tag-concelho-obidos","11":"tag-featured-news","12":"tag-featurednews","13":"tag-headlines","14":"tag-latest-news","15":"tag-latestnews","16":"tag-main-news","17":"tag-mainnews","18":"tag-natal","19":"tag-news","20":"tag-noticias","21":"tag-noticias-principais","22":"tag-noticiasprincipais","23":"tag-portugal","24":"tag-principais-noticias","25":"tag-principaisnoticias","26":"tag-pt","27":"tag-top-stories","28":"tag-topstories","29":"tag-ultimas","30":"tag-ultimas-noticias","31":"tag-ultimasnoticias","32":"tag-vila-natal"},"share_on_mastodon":{"url":"https:\/\/pubeurope.com\/@pt\/115627634422537496","error":""},"_links":{"self":[{"href":"https:\/\/www.europesays.com\/pt\/wp-json\/wp\/v2\/posts\/168272","targetHints":{"allow":["GET"]}}],"collection":[{"href":"https:\/\/www.europesays.com\/pt\/wp-json\/wp\/v2\/posts"}],"about":[{"href":"https:\/\/www.europesays.com\/pt\/wp-json\/wp\/v2\/types\/post"}],"author":[{"embeddable":true,"href":"https:\/\/www.europesays.com\/pt\/wp-json\/wp\/v2\/users\/2"}],"replies":[{"embeddable":true,"href":"https:\/\/www.europesays.com\/pt\/wp-json\/wp\/v2\/comments?post=168272"}],"version-history":[{"count":0,"href":"https:\/\/www.europesays.com\/pt\/wp-json\/wp\/v2\/posts\/168272\/revisions"}],"wp:featuredmedia":[{"embeddable":true,"href":"https:\/\/www.europesays.com\/pt\/wp-json\/wp\/v2\/media\/168273"}],"wp:attachment":[{"href":"https:\/\/www.europesays.com\/pt\/wp-json\/wp\/v2\/media?parent=168272"}],"wp:term":[{"taxonomy":"category","embeddable":true,"href":"https:\/\/www.europesays.com\/pt\/wp-json\/wp\/v2\/categories?post=168272"},{"taxonomy":"post_tag","embeddable":true,"href":"https:\/\/www.europesays.com\/pt\/wp-json\/wp\/v2\/tags?post=168272"}],"curies":[{"name":"wp","href":"https:\/\/api.w.org\/{rel}","templated":true}]}}