{"id":168283,"date":"2025-11-28T14:01:18","date_gmt":"2025-11-28T14:01:18","guid":{"rendered":"https:\/\/www.europesays.com\/pt\/168283\/"},"modified":"2025-11-28T14:01:18","modified_gmt":"2025-11-28T14:01:18","slug":"governador-de-bali-manda-demolir-polemico-elevador-de-vidro","status":"publish","type":"post","link":"https:\/\/www.europesays.com\/pt\/168283\/","title":{"rendered":"Governador de Bali manda demolir pol\u00e9mico elevador de vidro"},"content":{"rendered":"<p>\t                Desmantelamento da estrutura tem de estar conclu\u00eddo em seis meses<\/p>\n<p>As autoridades de Bali ordenaram a demoli\u00e7\u00e3o do pol\u00e9mico elevador de vidro constru\u00eddo nos \u00edngremes penhascos da Kelingking Beach, na ilha de Nusa Penida, ap\u00f3s detetarem m\u00faltiplas viola\u00e7\u00f5es do projeto.<\/p>\n<p><a href=\"https:\/\/www.abc.net.au\/news\/2025-11-27\/bali-governor-demands-demolition-of-kelingking-beach-glass-lift\/106071962\" target=\"_blank\" rel=\"nofollow noopener\">Segundo o site abc.au<\/a>, a\u00a0estrutura, com cerca de 182 metros, estava em constru\u00e7\u00e3o h\u00e1 18 meses e pretendia facilitar o acesso dos turistas \u00e0 famosa praia, conhecida pela descida dif\u00edcil por um trilho estreito e acidentado. O projeto, desenvolvido pela empresa PT Indonesia Kaishi Tourism Property Investment Development Group, prometia eliminar o percurso perigoso at\u00e9 \u00e0 areia branca.<\/p>\n<p>No entanto, o governador de Bali, Wayan Koster, anunciou no domingo que deu ordem para que o elevador seja totalmente demolido no prazo de seis meses. A decis\u00e3o surge ap\u00f3s uma avalia\u00e7\u00e3o da administra\u00e7\u00e3o provincial, que concluiu que a obra violava os rigorosos regulamentos de planeamento da ilha, criados para proteger a paisagem natural e o patrim\u00f3nio cultural deste destino tur\u00edstico de maioria hindu.<\/p>\n<p>O estaleiro de constru\u00e7\u00e3o j\u00e1 se tornou ponto de curiosidade entre visitantes, mas a estrutura ter\u00e1 de desaparecer, devolvendo aos penhascos de Kelingking a sua forma original.<\/p>\n","protected":false},"excerpt":{"rendered":"Desmantelamento da estrutura tem de estar conclu\u00eddo em seis meses As autoridades de Bali ordenaram a demoli\u00e7\u00e3o do&hellip;\n","protected":false},"author":2,"featured_media":168284,"comment_status":"","ping_status":"","sticky":false,"template":"","format":"standard","meta":{"footnotes":""},"categories":[50],"tags":[609,836,611,5701,27,28,607,608,333,832,604,135,610,476,35341,15,16,301,830,14,2427,603,25,26,570,21,22,831,833,62,834,12,13,19,20,35340,835,602,52,32,23,24,17,18,29,30,31,63,64,65],"class_list":{"0":"post-168283","1":"post","2":"type-post","3":"status-publish","4":"format-standard","5":"has-post-thumbnail","7":"category-mundo","8":"tag-alerta","9":"tag-analise","10":"tag-ao-minuto","11":"tag-bali","12":"tag-breaking-news","13":"tag-breakingnews","14":"tag-cnn","15":"tag-cnn-portugal","16":"tag-comentadores","17":"tag-costa","18":"tag-crime","19":"tag-desporto","20":"tag-direto","21":"tag-economia","22":"tag-elevador-de-vidro","23":"tag-featured-news","24":"tag-featurednews","25":"tag-governo","26":"tag-guerra","27":"tag-headlines","28":"tag-indonesia","29":"tag-justica","30":"tag-latest-news","31":"tag-latestnews","32":"tag-live","33":"tag-main-news","34":"tag-mainnews","35":"tag-mais-vistas","36":"tag-marcelo","37":"tag-mundo","38":"tag-negocios","39":"tag-news","40":"tag-noticias","41":"tag-noticias-principais","42":"tag-noticiasprincipais","43":"tag-nusa-penida","44":"tag-opiniao","45":"tag-pais","46":"tag-politica","47":"tag-portugal","48":"tag-principais-noticias","49":"tag-principaisnoticias","50":"tag-top-stories","51":"tag-topstories","52":"tag-ultimas","53":"tag-ultimas-noticias","54":"tag-ultimasnoticias","55":"tag-world","56":"tag-world-news","57":"tag-worldnews"},"share_on_mastodon":{"url":"","error":"Validation failed: Text character limit of 500 exceeded"},"_links":{"self":[{"href":"https:\/\/www.europesays.com\/pt\/wp-json\/wp\/v2\/posts\/168283","targetHints":{"allow":["GET"]}}],"collection":[{"href":"https:\/\/www.europesays.com\/pt\/wp-json\/wp\/v2\/posts"}],"about":[{"href":"https:\/\/www.europesays.com\/pt\/wp-json\/wp\/v2\/types\/post"}],"author":[{"embeddable":true,"href":"https:\/\/www.europesays.com\/pt\/wp-json\/wp\/v2\/users\/2"}],"replies":[{"embeddable":true,"href":"https:\/\/www.europesays.com\/pt\/wp-json\/wp\/v2\/comments?post=168283"}],"version-history":[{"count":0,"href":"https:\/\/www.europesays.com\/pt\/wp-json\/wp\/v2\/posts\/168283\/revisions"}],"wp:featuredmedia":[{"embeddable":true,"href":"https:\/\/www.europesays.com\/pt\/wp-json\/wp\/v2\/media\/168284"}],"wp:attachment":[{"href":"https:\/\/www.europesays.com\/pt\/wp-json\/wp\/v2\/media?parent=168283"}],"wp:term":[{"taxonomy":"category","embeddable":true,"href":"https:\/\/www.europesays.com\/pt\/wp-json\/wp\/v2\/categories?post=168283"},{"taxonomy":"post_tag","embeddable":true,"href":"https:\/\/www.europesays.com\/pt\/wp-json\/wp\/v2\/tags?post=168283"}],"curies":[{"name":"wp","href":"https:\/\/api.w.org\/{rel}","templated":true}]}}