{"id":168289,"date":"2025-11-28T14:07:18","date_gmt":"2025-11-28T14:07:18","guid":{"rendered":"https:\/\/www.europesays.com\/pt\/168289\/"},"modified":"2025-11-28T14:07:18","modified_gmt":"2025-11-28T14:07:18","slug":"pedro-jorge-perde-o-controlo-e-ameaca-acabar-relacao-com-marisa-em-direto","status":"publish","type":"post","link":"https:\/\/www.europesays.com\/pt\/168289\/","title":{"rendered":"Pedro Jorge perde o controlo e amea\u00e7a acabar rela\u00e7\u00e3o com Marisa em direto"},"content":{"rendered":"<p>Discuss\u00e3o explode no Secret Story: Pedro Jorge perde o controlo e amea\u00e7a acabar rela\u00e7\u00e3o com Marisa em direto, em tens\u00e3o.<\/p>\n<p>Discuss\u00e3o interrompe emiss\u00e3o do \u2018\u00daltima Hora\u2019<\/p>\n<p>A tarde desta quinta-feira, 27 de novembro, ficou marcada por um momento tenso na casa do Secret Story 9. Nos primeiros minutos do \u2018\u00daltima Hora\u2019, a TVI viu-se obrigada a interromper o alinhamento para mostrar uma discuss\u00e3o intensa entre <strong>Pedro Jorge<\/strong> e <strong>Marisa<\/strong>.<\/p>\n<p>Tudo come\u00e7ou quando Pedro, visivelmente destabilizado, desabafou enquanto estava deitado na cama:<br \/><strong>\u201cJ\u00e1 me est\u00e1 a enervar!\u201d<\/strong><\/p>\n<p>\u201c\u00c9 l\u00e1 no fundo que gostas de me ver\u201d<\/p>\n<p>De imediato, Marisa tentou defender-se, afirmando:<br \/><strong>\u201cEu dou-me bem com toda a gente.\u201d<\/strong><\/p>\n<p>Contudo, este coment\u00e1rio fez Pedro perder a paci\u00eancia. Num tom duro, acusou a companheira \u2014 e m\u00e3e dos seus filhos \u2014 de querer aparecer e de o deixar sempre em baixo:<br \/><strong>\u201cFoa-se, como \u00e9 que \u00e9 poss\u00edvel? N\u00e3o te venhas c\u00e1 justificar agora. J\u00e1 o disseste para aparecer, j\u00e1 est\u00e1 feito, j\u00e1 trabalhaste. J\u00e1 estou outra vez na mera, j\u00e1 estou outra vez no lodo. \u00c9 como tu gostas de me ver, \u00e9 l\u00e1 no fundo. Dizes que tenho arcaboi\u00e7o para as coisas, mas \u00e9 na mer*a que tu gostas de me ver. Gostas de me ver l\u00e1 no lodo.\u201d<\/strong><\/p>\n<p>O clima n\u00e3o acalmou e Pedro continuou a subir o tom.<\/p>\n<p>Amea\u00e7a de separa\u00e7\u00e3o em plena casa<\/p>\n<p>Num dos momentos mais tensos, Pedro Jorge deixou claro que estava no limite:<br \/><strong>\u201cDisseste que eu aguento com tudo, mas \u00e9 at\u00e9 ao dia que n\u00e3o aguentar mais. \u00c9 a pr\u00f3pria Marisa que faz com que eu fique no lodo e na mer*a. Porque dizes uma palavra e estou a levar para outro campo? Mas est\u00e1s a brincar com quem? Comigo n\u00e3o brincas mesmo! Est\u00e1s a gozar ou qu\u00ea?\u201d<\/strong><\/p>\n<p>A concorrente ficou em sil\u00eancio durante alguns segundos, surpreendida com o rumo explosivo da discuss\u00e3o.<\/p>\n<p>Marisa reage: \u201cN\u00e3o percebi nada\u201d<\/p>\n<p>Sem conseguir acompanhar a escalada emocional do companheiro, Marisa apenas respondeu:<br \/><strong>\u201cN\u00e3o digas mais nada, pronto. Sinceramente n\u00e3o estou a entender nada dessa tua hist\u00f3ria, n\u00e3o percebi nada da tua conversa.\u201d<\/strong><\/p>\n<p>Veja este momento <a href=\"https:\/\/tvi.iol.pt\/secretstory\/videos\/pedro-sozinho-no-quarto-recebe-visita-de-marisa-e-tudo-descamba-em-discussao\/692892890cf2c7eb24445a01\" rel=\"nofollow noopener\" target=\"_blank\">AQUI<\/a>.<\/p>\n<p><a href=\"https:\/\/news.google.com\/publications\/CAAqBwgKMKfIoAswtNK4Aw\" target=\"_blank\" rel=\"noopener noreferrer nofollow\"><img loading=\"lazy\" data-lazyloaded=\"1\" width=\"481\" height=\"161\" decoding=\"async\" src=\"\/wp-content\/uploads\/2024\/02\/GN_siganos.png\" alt=\"Siga-nos no Google News\" style=\"margin-top:20px;\"\/><\/a><\/p>\n","protected":false},"excerpt":{"rendered":"Discuss\u00e3o explode no Secret Story: Pedro Jorge perde o controlo e amea\u00e7a acabar rela\u00e7\u00e3o com Marisa em direto,&hellip;\n","protected":false},"author":2,"featured_media":142960,"comment_status":"","ping_status":"","sticky":false,"template":"","format":"standard","meta":{"footnotes":""},"categories":[142],"tags":[2632,114,115,21766,21416,32,33,151],"class_list":{"0":"post-168289","1":"post","2":"type-post","3":"status-publish","4":"format-standard","5":"has-post-thumbnail","7":"category-tv","8":"tag-casa-dos-segredos","9":"tag-entertainment","10":"tag-entretenimento","11":"tag-marisa-pires","12":"tag-pedro-jorge","13":"tag-portugal","14":"tag-pt","15":"tag-tv"},"share_on_mastodon":{"url":"https:\/\/pubeurope.com\/@pt\/115627717412586197","error":""},"_links":{"self":[{"href":"https:\/\/www.europesays.com\/pt\/wp-json\/wp\/v2\/posts\/168289","targetHints":{"allow":["GET"]}}],"collection":[{"href":"https:\/\/www.europesays.com\/pt\/wp-json\/wp\/v2\/posts"}],"about":[{"href":"https:\/\/www.europesays.com\/pt\/wp-json\/wp\/v2\/types\/post"}],"author":[{"embeddable":true,"href":"https:\/\/www.europesays.com\/pt\/wp-json\/wp\/v2\/users\/2"}],"replies":[{"embeddable":true,"href":"https:\/\/www.europesays.com\/pt\/wp-json\/wp\/v2\/comments?post=168289"}],"version-history":[{"count":0,"href":"https:\/\/www.europesays.com\/pt\/wp-json\/wp\/v2\/posts\/168289\/revisions"}],"wp:featuredmedia":[{"embeddable":true,"href":"https:\/\/www.europesays.com\/pt\/wp-json\/wp\/v2\/media\/142960"}],"wp:attachment":[{"href":"https:\/\/www.europesays.com\/pt\/wp-json\/wp\/v2\/media?parent=168289"}],"wp:term":[{"taxonomy":"category","embeddable":true,"href":"https:\/\/www.europesays.com\/pt\/wp-json\/wp\/v2\/categories?post=168289"},{"taxonomy":"post_tag","embeddable":true,"href":"https:\/\/www.europesays.com\/pt\/wp-json\/wp\/v2\/tags?post=168289"}],"curies":[{"name":"wp","href":"https:\/\/api.w.org\/{rel}","templated":true}]}}