{"id":168300,"date":"2025-11-28T14:20:39","date_gmt":"2025-11-28T14:20:39","guid":{"rendered":"https:\/\/www.europesays.com\/pt\/168300\/"},"modified":"2025-11-28T14:20:39","modified_gmt":"2025-11-28T14:20:39","slug":"putin-russia-pode-lutar-ate-que-o-ultimo-ucraniano-morra-observador","status":"publish","type":"post","link":"https:\/\/www.europesays.com\/pt\/168300\/","title":{"rendered":"Putin. R\u00fassia pode lutar &#8220;at\u00e9 que o \u00faltimo ucraniano morra&#8221; \u2013 Observador"},"content":{"rendered":"<p><a href=\"https:\/\/observador.pt\/liveblogs\/russia-nao-tem-palavra-a-dizer-sobre-se-a-ucrania-pode-ou-nao-juntar-se-a-nato\/\" rel=\"nofollow noopener\" target=\"_blank\">Acompanhe o nosso liveblog sobre a Guerra na Ucr\u00e2nia<\/a><\/p>\n<p>O Presidente russo mant\u00e9m-se inflex\u00edvel. Numa altura em que est\u00e1 a ser negociado um acordo de paz, Vladimir Putin assegurou que as hostilidades apenas cessar\u00e3o quando o pa\u00eds que comanda<strong> \u201calcan\u00e7ar os objetivos\u201d<\/strong> que levaram \u00e0 invas\u00e3o da Ucr\u00e2nia \u2014 e isso implica que Kiev retire as as suas tropas dos territ\u00f3rios que Moscovo alega ter anexado, como o Donbass e partes das prov\u00ednicas de Kherson e Zapor\u00edjia.<\/p>\n<p>Numa confer\u00eancia de imprensa em Bishkek, a capital do Quirguist\u00e3o, o l\u00edder da R\u00fassia criticou tamb\u00e9m os \u201cloucos e vigaristas\u201d que colocam a hip\u00f3tese de tropas russas invadiram algum pa\u00eds europeu \u2014 e mandou v\u00e1rias farpas ao hom\u00f3logo ucraniano, Volodymyr Zelensky.<\/p>\n<p>As condi\u00e7\u00f5es para a paz foram estabelecidas por Vladimir Putin em termos militares. \u201cSe as tropas ucranianas abandonarem os territ\u00f3rios ocupados, cessaremos as hostilidades. Se n\u00e3o sa\u00edrem, expuls\u00e1-las-emos pela for\u00e7a militar\u201d, declarou. Os militares russos v\u00e3o continuar no terreno, se Kiev n\u00e3o aceitar terminar o conflito nos termos russos: <strong>\u201cAs pessoas que defendem que devemos lutar at\u00e9 que o \u00faltimo ucraniano morra \u2014 estamos prontos para isso\u201d.\u00a0<\/strong><\/p>\n<p>Mas o acordo que o Presidente russo quer chegar tem de tirar da equa\u00e7\u00e3o Volodymyr Zelensky. Vladimir Putin considerou que a lideran\u00e7a pol\u00edtica ucraniana \u00e9 \u201cileg\u00edtima\u201d e afirmou que, por isso,<strong> \u201cn\u00e3o vale a pena\u201d<\/strong> assinar quaisquer acordos de paz ou documentos oficiais com a atual lideran\u00e7a ucraniana. Como tal, \u00e9 \u201clegalmente imposs\u00edvel\u201d negociar com a Ucr\u00e2nia um plano de paz.<\/p>\n<p>Vladimir Putin deixou tamb\u00e9m o que parecem ser algumas exig\u00eancias num eventual p\u00f3s-guerra: \u201cAssim que forem conclu\u00eddos os acordos de paz e as hostilidades cessarem, a lei marcial deve ser imediatamente suspensa e, se a lei marcial for suspensa, as elei\u00e7\u00f5es [presidenciais na Ucr\u00e2nia] devem ser anunciadas imediatamente\u201d. O Presidente russo sugere depois que deve tamb\u00e9m ser realizado um<strong> \u201creferendo sobre todas as quest\u00f5es territoriais\u201d<\/strong> na Ucr\u00e2nia.<\/p>\n<p>Para essas elei\u00e7\u00f5es, o Presidente russo preconizou uma derrota em toda a linha do hom\u00f3logo ucraniano. Vladimir Putin classificou como \u201cdif\u00edcil\u201d para o l\u00edder ucraniano ganhar as elei\u00e7\u00f5es presidenciais sem haver \u201cfraude eleitoral\u201d. \u201cNas condi\u00e7\u00f5es atuais, \u00e9 dif\u00edcil para a atual lideran\u00e7a pol\u00edtica da Ucr\u00e2nia contar com uma vit\u00f3ria sem fraude eleitoral, ali\u00e1s, quase imposs\u00edvel. Bem, \u00e9 o que eu penso\u201d, afirmou Vladimir Putin, que nunca escondeu a animosidade que sente por Volodymyr Zelensky.<\/p>\n<p>O Chefe de Estado da R\u00fassia citou depois o antigo l\u00edder sovi\u00e9tico, Josef Stalin, para sugerir como seriam as elei\u00e7\u00f5es presidenciais na Ucr\u00e2nia: \u201cComo disse Stalin: \u2018n\u00e3o importa quem vota, importa quem conta\u2019\u201d.<\/p>\n<p>\u201cA R\u00fassia n\u00e3o tem qualquer plano para atacar a Europa \u2013 isso \u00e9 uma ideia rid\u00edcula\u201d, declarou Vladimir Putin, na mesma declara\u00e7\u00e3o aos jornalistas. O Presidente russo acrescentou que o plano de paz norte-americano pode ser usado como \u201cbase\u201d para negociar um futuro acordo de paz mas repete que n\u00e3o \u201cvale a pena\u201d assinar esse acordo com Volodymyr Zelensky porque ele n\u00e3o \u00e9 um l\u00edder leg\u00edtimo da Ucr\u00e2nia, por n\u00e3o haver elei\u00e7\u00f5es.<\/p>\n<p>Relativamente \u00e0 Europa, Vladimir Putin frisou que a Europa estar\u00e1 a preparar uma \u201capropria\u00e7\u00e3o\u201d de ativos russos que est\u00e3o congelados no continente \u2014 para o russo, est\u00e1 em causa uma inten\u00e7\u00e3o de \u201croubo de propriedade\u201d. Caso se confirme, ir\u00e1 haver \u201cconsequ\u00eancias negativas para o sistema financeiro global\u201d. E nessa perspetiva, ali\u00e1s, a R\u00fassia j\u00e1 est\u00e1 \u201ca preparar um conjunto de medidas retaliat\u00f3rias\u201d, se a medida avan\u00e7ar.<\/p>\n<p>O Presidente russo insultou tamb\u00e9m outros l\u00edderes europeus. O chefe de Estado referiu-se aos Presidentes e primeiros-ministros europeus como um \u201cpouco loucos e vigaristas\u201d, nomeadamente aqueles que sugerem que a R\u00fassia quer atacar a Europa. \u201cH\u00e1 pessoas l\u00e1 que, ao que parece, s\u00e3o um pouco loucas ou algum tipo de vigaristas que querem tirar proveito\u201d da ideia de a R\u00fassia estar a \u201cpreparar-se para atacar a Europa\u201d.<\/p>\n<p>Vladimir Putin atirou que esses l\u00edderes europeus talvez possam estar a \u201ctentar aumentar os \u00edndices de popularidade pol\u00edtica, dada a situa\u00e7\u00e3o cr\u00edtica da economia e da esfera social\u201d. \u201c\u00c9 dif\u00edcil dizer quais s\u00e3o os motivos\u201d, lamentou.<\/p>\n<p>Em rela\u00e7\u00e3o aos Estados Unidos, o Presidente russo disse que ficou perplexo quando soube que a presid\u00eancia norte-americana ia sancionar duas petrol\u00edferas russas \u2014 a Lukoil e a Rosneft. A meio de outubro, o l\u00edder dos Estados Unidos, Donald Trump, aplicou essas san\u00e7\u00f5es, as primeiras desde que regressou \u00e0 Casa Branca. \u201cQual foi o motivo?\u201d, questionou Vladimir Putin. \u201cPermanecemos nas negocia\u00e7\u00f5es de\u00a0Anchorage. E de repente, os Estados Unidos anunciaram san\u00e7\u00f5es contra duas das nossas petrol\u00edferas.\u201d<\/p>\n<p>O Presidente russo disse \u201chonestamente\u201d que \u201cnem entendeu\u201d o \u201cque estava a acontecer\u201d. Sobre a ida do enviado especial norte-americano Steve Witkoff a Moscovo na pr\u00f3xima semana, Vladimir Putin refor\u00e7ou que foi \u201ca mando\u201d de Donald Trump para tentar terminar a guerra.<\/p>\n","protected":false},"excerpt":{"rendered":"Acompanhe o nosso liveblog sobre a Guerra na Ucr\u00e2nia O Presidente russo mant\u00e9m-se inflex\u00edvel. Numa altura em que&hellip;\n","protected":false},"author":2,"featured_media":168301,"comment_status":"","ping_status":"","sticky":false,"template":"","format":"standard","meta":{"footnotes":""},"categories":[8],"tags":[27,28,6195,445,15,16,1123,14,25,26,21,22,62,12,13,19,20,32,23,24,33,3879,17,18,1124,29,30,31,2415],"class_list":{"0":"post-168300","1":"post","2":"type-post","3":"status-publish","4":"format-standard","5":"has-post-thumbnail","7":"category-principais-noticias","8":"tag-breaking-news","9":"tag-breakingnews","10":"tag-conflitos","11":"tag-europa","12":"tag-featured-news","13":"tag-featurednews","14":"tag-guerra-na-ucru00e2nia","15":"tag-headlines","16":"tag-latest-news","17":"tag-latestnews","18":"tag-main-news","19":"tag-mainnews","20":"tag-mundo","21":"tag-news","22":"tag-noticias","23":"tag-noticias-principais","24":"tag-noticiasprincipais","25":"tag-portugal","26":"tag-principais-noticias","27":"tag-principaisnoticias","28":"tag-pt","29":"tag-ru00fassia","30":"tag-top-stories","31":"tag-topstories","32":"tag-ucru00e2nia","33":"tag-ultimas","34":"tag-ultimas-noticias","35":"tag-ultimasnoticias","36":"tag-vladimir-putin"},"share_on_mastodon":{"url":"https:\/\/pubeurope.com\/@pt\/115627768287781087","error":""},"_links":{"self":[{"href":"https:\/\/www.europesays.com\/pt\/wp-json\/wp\/v2\/posts\/168300","targetHints":{"allow":["GET"]}}],"collection":[{"href":"https:\/\/www.europesays.com\/pt\/wp-json\/wp\/v2\/posts"}],"about":[{"href":"https:\/\/www.europesays.com\/pt\/wp-json\/wp\/v2\/types\/post"}],"author":[{"embeddable":true,"href":"https:\/\/www.europesays.com\/pt\/wp-json\/wp\/v2\/users\/2"}],"replies":[{"embeddable":true,"href":"https:\/\/www.europesays.com\/pt\/wp-json\/wp\/v2\/comments?post=168300"}],"version-history":[{"count":0,"href":"https:\/\/www.europesays.com\/pt\/wp-json\/wp\/v2\/posts\/168300\/revisions"}],"wp:featuredmedia":[{"embeddable":true,"href":"https:\/\/www.europesays.com\/pt\/wp-json\/wp\/v2\/media\/168301"}],"wp:attachment":[{"href":"https:\/\/www.europesays.com\/pt\/wp-json\/wp\/v2\/media?parent=168300"}],"wp:term":[{"taxonomy":"category","embeddable":true,"href":"https:\/\/www.europesays.com\/pt\/wp-json\/wp\/v2\/categories?post=168300"},{"taxonomy":"post_tag","embeddable":true,"href":"https:\/\/www.europesays.com\/pt\/wp-json\/wp\/v2\/tags?post=168300"}],"curies":[{"name":"wp","href":"https:\/\/api.w.org\/{rel}","templated":true}]}}