{"id":16831,"date":"2025-08-05T09:41:13","date_gmt":"2025-08-05T09:41:13","guid":{"rendered":"https:\/\/www.europesays.com\/pt\/16831\/"},"modified":"2025-08-05T09:41:13","modified_gmt":"2025-08-05T09:41:13","slug":"a-dor-do-papa-pela-perda-de-vidas-em-naufragio-no-iemen","status":"publish","type":"post","link":"https:\/\/www.europesays.com\/pt\/16831\/","title":{"rendered":"A dor do Papa pela perda de vidas em naufr\u00e1gio no I\u00eamen"},"content":{"rendered":"<p>Pelo menos 76 pessoas morreram e dezenas de outras, &#8220;cujo destino permanece desconhecido&#8221;, est\u00e3o desaparecidas ap\u00f3s um barco que transportava um grupo de migrantes irregulares ter naufragado no domingo, 3 de agosto, na costa sul do I\u00eamen. O Santo Padre enviou uma mensagem ao n\u00fancio apost\u00f3lico, que a encaminhar\u00e1 \u00e0s autoridades competentes.<\/p>\n<p><b>Vatican News<\/b><\/p>\n<p>Em telegrama endere\u00e7ado ao n\u00fancio apost\u00f3lico no I\u00eamen e delegado apost\u00f3lico na Pen\u00ednsula Ar\u00e1bica, arcebispo Zakhia El-Kassis, o Santo Padre se diz &#8220;profundamente entristecido&#8221; pela &#8220;devastadora perda de vidas decorrente do naufr\u00e1gio na costa do I\u00eamen&#8221;.<\/p>\n<p>&#8220;Sua Santidade, o Papa Le\u00e3o XIV &#8211; diz a mensagem assinada pelo cardeal secret\u00e1rio de Estado Pietro Parolin, e que ser\u00e1 encaminhada tamb\u00e9m \u00e0s autoridades competentes &#8211; recomenda os muitos migrantes que morreram \u00e0 miseric\u00f3rdia de Deus Todo-Poderoso&#8221;.<\/p>\n<p>     <a href=\"https:\/\/www.vaticannews.va\/pt\/mundo\/news\/2025-08\/migrantes-dezenas-de-vitimas-em-naufragio-ao-largo-do-iemen.html\" title=\"Naufr\u00e1gio no I\u00eamen deixa dezenas de migrantes mortos\" rel=\"nofollow noopener\" target=\"_blank\"><\/p>\n<p>        <img decoding=\"async\" src=\"data:image\/gif;base64,R0lGODlhAQABAIAAAAAAAP\/\/\/yH5BAEAAAAALAAAAAABAAEAAAIBRAA7\" data-original=\"https:\/\/www.vaticannews.va\/content\/dam\/vaticannews\/agenzie\/images\/ansa\/2022\/09\/21\/12\/1663755194920.jpg\/_jcr_content\/renditions\/cq5dam.thumbnail.cropped.500.281.jpeg\" alt=\"Naufr\u00e1gio no I\u00eamen deixa dezenas de migrantes mortos\"\/><\/p>\n<p>      <\/a><\/p>\n<p>\n      A Organiza\u00e7\u00e3o Internacional para as Migra\u00e7\u00f5es fala em dezenas de desaparecidos na mais recente trag\u00e9dia migrat\u00f3ria ocorrida no Golfo de \u00c1den. As v\u00edtimas, em sua maioria et\u00edopes, &#8230;\n     <\/p>\n<p>\u00a0<\/p>\n<p>&#8220;Sobre os sobreviventes, equipes de emerg\u00eancia bem como a todos atingidos por essa trag\u00e9dia&#8221;, o Pont\u00edfice &#8220;invoca a for\u00e7a, o conforto e a esperan\u00e7a divinas&#8221;.<\/p>\n<p>Pelo menos 76 pessoas morreram e dezenas de outras, &#8220;cujo destino permanece desconhecido&#8221;, est\u00e3o desaparecidas ap\u00f3s um barco que transportava um grupo de migrantes irregulares ter naufragado no domingo,\u00a03 de agosto, na costa sul do I\u00eamen.<\/p>\n<p>O an\u00fancio foi feito pela Organiza\u00e7\u00e3o Internacional para as Migra\u00e7\u00f5es (OIM), que contabilizou 157 pessoas a bordo da embarca\u00e7\u00e3o no momento do acidente, incluindo 32 sobreviventes. Segundo a OIM, os migrantes envolvidos no desastre eram da Eti\u00f3pia e se dirigiam \u00e0 costa sul do I\u00eamen. Segundo relatos divulgados pela m\u00eddia \u00e1rabe, o barco virou devido ao mau tempo.<\/p>\n<p>O Departamento de Seguran\u00e7a da Prov\u00edncia de Abyan, no sul do I\u00eamen, informou em um comunicado que &#8220;uma opera\u00e7\u00e3o humanit\u00e1ria em larga escala foi conduzida para recuperar os corpos de migrantes que se afogaram no mar enquanto tentavam se infiltrar no territ\u00f3rio iemenita a bordo de barcos de traficantes de pessoas do Chifre da \u00c1frica&#8221;. Os corpos recuperados, muitos dos quais foram encontrados em\u00a0algumas praias, foram transferidos para hospitais na cidade de Zinjibar, informou o departamento.<\/p>\n<p>No ano passado, a OIM registrou pelo menos 558 mortes ao longo da rota do Mar Vermelho, do Djibuti ao I\u00eamen.\u00a0<\/p>\n","protected":false},"excerpt":{"rendered":"Pelo menos 76 pessoas morreram e dezenas de outras, &#8220;cujo destino permanece desconhecido&#8221;, est\u00e3o desaparecidas ap\u00f3s um barco&hellip;\n","protected":false},"author":2,"featured_media":16832,"comment_status":"","ping_status":"","sticky":false,"template":"","format":"standard","meta":{"footnotes":""},"categories":[50],"tags":[27,28,15,16,14,6400,25,26,21,22,1331,62,12,13,19,20,811,23,24,6399,17,18,29,30,31,63,64,65],"class_list":{"0":"post-16831","1":"post","2":"type-post","3":"status-publish","4":"format-standard","5":"has-post-thumbnail","7":"category-mundo","8":"tag-breaking-news","9":"tag-breakingnews","10":"tag-featured-news","11":"tag-featurednews","12":"tag-headlines","13":"tag-iemen","14":"tag-latest-news","15":"tag-latestnews","16":"tag-main-news","17":"tag-mainnews","18":"tag-migrantes-e-refugiados","19":"tag-mundo","20":"tag-news","21":"tag-noticias","22":"tag-noticias-principais","23":"tag-noticiasprincipais","24":"tag-papa-leao-xiv","25":"tag-principais-noticias","26":"tag-principaisnoticias","27":"tag-telegrama","28":"tag-top-stories","29":"tag-topstories","30":"tag-ultimas","31":"tag-ultimas-noticias","32":"tag-ultimasnoticias","33":"tag-world","34":"tag-world-news","35":"tag-worldnews"},"share_on_mastodon":{"url":"","error":""},"_links":{"self":[{"href":"https:\/\/www.europesays.com\/pt\/wp-json\/wp\/v2\/posts\/16831","targetHints":{"allow":["GET"]}}],"collection":[{"href":"https:\/\/www.europesays.com\/pt\/wp-json\/wp\/v2\/posts"}],"about":[{"href":"https:\/\/www.europesays.com\/pt\/wp-json\/wp\/v2\/types\/post"}],"author":[{"embeddable":true,"href":"https:\/\/www.europesays.com\/pt\/wp-json\/wp\/v2\/users\/2"}],"replies":[{"embeddable":true,"href":"https:\/\/www.europesays.com\/pt\/wp-json\/wp\/v2\/comments?post=16831"}],"version-history":[{"count":0,"href":"https:\/\/www.europesays.com\/pt\/wp-json\/wp\/v2\/posts\/16831\/revisions"}],"wp:featuredmedia":[{"embeddable":true,"href":"https:\/\/www.europesays.com\/pt\/wp-json\/wp\/v2\/media\/16832"}],"wp:attachment":[{"href":"https:\/\/www.europesays.com\/pt\/wp-json\/wp\/v2\/media?parent=16831"}],"wp:term":[{"taxonomy":"category","embeddable":true,"href":"https:\/\/www.europesays.com\/pt\/wp-json\/wp\/v2\/categories?post=16831"},{"taxonomy":"post_tag","embeddable":true,"href":"https:\/\/www.europesays.com\/pt\/wp-json\/wp\/v2\/tags?post=16831"}],"curies":[{"name":"wp","href":"https:\/\/api.w.org\/{rel}","templated":true}]}}