{"id":168348,"date":"2025-11-28T15:15:09","date_gmt":"2025-11-28T15:15:09","guid":{"rendered":"https:\/\/www.europesays.com\/pt\/168348\/"},"modified":"2025-11-28T15:15:09","modified_gmt":"2025-11-28T15:15:09","slug":"hospital-de-santa-maria-suspende-dermatologista-miguel-alpalhao","status":"publish","type":"post","link":"https:\/\/www.europesays.com\/pt\/168348\/","title":{"rendered":"Hospital de Santa Maria suspende dermatologista Miguel Alpalh\u00e3o"},"content":{"rendered":"<p>A Unidade Local de Sa\u00fade de Santa Maria, em Lisboa, suspendeu o dermatologista Miguel Alpalh\u00e3o. <br \/>\n<b><br \/>&#13;<br \/>\nEsta \u00e9 a primeira decis\u00e3o que resulta do processo disciplinar levantado pelo hospital, depois de ter sido noticiado que o dermatologista faturou milhares de euros num \u00fanico fim de semana. <\/b><\/p>\n<p>A RTP\tapurou que h\u00e1 dois processos disciplinares contra Miguel Alpalh\u00e3o. O primeiro est\u00e1 fechado e levou \u00e0 suspens\u00e3o do m\u00e9dico com suspens\u00e3o total de vencimento; o segundo processo, mais recente, tem em vista o despedimento e devolu\u00e7\u00e3o das verbas recebidas indevidamente. O dermatologista ganhou mais de 700 mil euros em tr\u00eas anos em cirurgias adicionais. S\u00f3 no ano passado, Miguel Alpalh\u00e3o recebeu 454 mil euros em cirurgias extra.&#13;\n<\/p>\n<p>&#13;<br \/>\nSegundo o IGAS, o m\u00e9dico em causa ter\u00e1 marcado inclusive consultas de dermatologia para os seus pais sem que existisse uma referencia\u00e7\u00e3o pr\u00e9via, elaborado as propostas cir\u00fargicas e realizado as cirurgias.<b><br \/>&#13;<br \/>\n<\/b>&#13;\n<\/p>\n<p><b>Para al\u00e9m de Miguel Alpalh\u00e3o, o relat\u00f3rio do IGAS publicado a semana passada revela que outros dois m\u00e9dicos receberam, cada um, mais de 200 mil euros em dois anos.<\/b><\/p>\n<p>No hospital de Santa Maria, dos dez profissionais que mais ganharam em produ\u00e7\u00e3o adicional, oito s\u00e3o dermatologistas.<\/p>\n","protected":false},"excerpt":{"rendered":"A Unidade Local de Sa\u00fade de Santa Maria, em Lisboa, suspendeu o dermatologista Miguel Alpalh\u00e3o. &#13; Esta \u00e9&hellip;\n","protected":false},"author":2,"featured_media":168349,"comment_status":"","ping_status":"","sticky":false,"template":"","format":"standard","meta":{"footnotes":""},"categories":[10],"tags":[27,28,12102,15,16,14,21863,25,26,21,22,12,13,19,20,32,23,24,33,9274,17,18,29,30,31],"class_list":{"0":"post-168348","1":"post","2":"type-post","3":"status-publish","4":"format-standard","5":"has-post-thumbnail","7":"category-portugal","8":"tag-breaking-news","9":"tag-breakingnews","10":"tag-dermatologista","11":"tag-featured-news","12":"tag-featurednews","13":"tag-headlines","14":"tag-igas","15":"tag-latest-news","16":"tag-latestnews","17":"tag-main-news","18":"tag-mainnews","19":"tag-news","20":"tag-noticias","21":"tag-noticias-principais","22":"tag-noticiasprincipais","23":"tag-portugal","24":"tag-principais-noticias","25":"tag-principaisnoticias","26":"tag-pt","27":"tag-santa-maria","28":"tag-top-stories","29":"tag-topstories","30":"tag-ultimas","31":"tag-ultimas-noticias","32":"tag-ultimasnoticias"},"share_on_mastodon":{"url":"https:\/\/pubeurope.com\/@pt\/115627984372595615","error":""},"_links":{"self":[{"href":"https:\/\/www.europesays.com\/pt\/wp-json\/wp\/v2\/posts\/168348","targetHints":{"allow":["GET"]}}],"collection":[{"href":"https:\/\/www.europesays.com\/pt\/wp-json\/wp\/v2\/posts"}],"about":[{"href":"https:\/\/www.europesays.com\/pt\/wp-json\/wp\/v2\/types\/post"}],"author":[{"embeddable":true,"href":"https:\/\/www.europesays.com\/pt\/wp-json\/wp\/v2\/users\/2"}],"replies":[{"embeddable":true,"href":"https:\/\/www.europesays.com\/pt\/wp-json\/wp\/v2\/comments?post=168348"}],"version-history":[{"count":0,"href":"https:\/\/www.europesays.com\/pt\/wp-json\/wp\/v2\/posts\/168348\/revisions"}],"wp:featuredmedia":[{"embeddable":true,"href":"https:\/\/www.europesays.com\/pt\/wp-json\/wp\/v2\/media\/168349"}],"wp:attachment":[{"href":"https:\/\/www.europesays.com\/pt\/wp-json\/wp\/v2\/media?parent=168348"}],"wp:term":[{"taxonomy":"category","embeddable":true,"href":"https:\/\/www.europesays.com\/pt\/wp-json\/wp\/v2\/categories?post=168348"},{"taxonomy":"post_tag","embeddable":true,"href":"https:\/\/www.europesays.com\/pt\/wp-json\/wp\/v2\/tags?post=168348"}],"curies":[{"name":"wp","href":"https:\/\/api.w.org\/{rel}","templated":true}]}}