{"id":168373,"date":"2025-11-28T15:45:11","date_gmt":"2025-11-28T15:45:11","guid":{"rendered":"https:\/\/www.europesays.com\/pt\/168373\/"},"modified":"2025-11-28T15:45:11","modified_gmt":"2025-11-28T15:45:11","slug":"medico-miguel-alpalhao-suspenso-de-funcoes-com-perda-total-de-vencimento","status":"publish","type":"post","link":"https:\/\/www.europesays.com\/pt\/168373\/","title":{"rendered":"M\u00e9dico Miguel Alpalh\u00e3o suspenso de fun\u00e7\u00f5es com perda total de vencimento"},"content":{"rendered":"<p>\t                Dermatologista das cirurgias pol\u00e9micas no Santa Maria j\u00e1 n\u00e3o est\u00e1 em fun\u00e7\u00f5es<\/p>\n<p>O m\u00e9dico\u00a0Miguel Alpalh\u00e3o, que est\u00e1 no centro da pol\u00e9mica das cirurgias adicionais do Santa Maria, foi suspenso de fun\u00e7\u00f5es com perda total de vencimento, sabe a CNN Portugal.<\/p>\n<p>O dermatologista, que <a href=\"https:\/\/cnnportugal.iol.pt\/miguel-alpalhao\/dermatologista-de-santa-maria\/dermatologista-do-santa-maria-afinal-recebeu-quase-700-mil-euros-por-22-dias-de-trabalho-adicional\/20250529\/6838d9a2d34ef72ee4469a71\" target=\"_blank\" rel=\"nofollow noopener\">recebeu quase 700 mil euros por 22 dias de trabalho adicionais<\/a>,\u00a0j\u00e1 n\u00e3o est\u00e1 a trabalhar.<\/p>\n<p>O Hospital de Santa Maria tem ainda em marcha outro processo disciplinar para despedimento do m\u00e9dico e devolu\u00e7\u00e3o das verbas indevidamente recebidas pelas cirurgias realizadas.<\/p>\n<p>A TVI\/CNN Portugal apuraram que \u00e9 vontade do Hospital de Santa Maria que isso aconte\u00e7a, mas v\u00e3o esperar pelos tr\u00e2mites normais do processo que ainda decorre.<\/p>\n<p>Miguel Alpalh\u00e3o ganhou 400 mil euros em dez s\u00e1bados com cirurgias que demoravam em m\u00e9dia cinco minutos. Operou, inclusivamente, os pais que entretanto se apurou que n\u00e3o foram referenciados atrav\u00e9s dos canais normais e foram diretamente \u00e0 consulta com o filho. Com as cirurgias aos pais ganhou 5.500 euros.<\/p>\n<p>O relat\u00f3rio da IGAS confirma irregularidades nas cirurgias e a falha de todos os controlos internos de alerta.<\/p>\n<p>O caso, recorde-se, foi <a href=\"https:\/\/cnnportugal.iol.pt\/hospital-santa-maria\/servico-de-dermatologia-hospital-santa-maria\/dermatologista-ganhou-400-mil-euros-por-10-dias-de-trabalho-no-maior-hospital-publico-do-pais\/20250523\/6830c44fd34ef72ee4465f79\" target=\"_blank\" rel=\"nofollow noopener\">revelado pela TVI\/CNN Portugal<\/a>, em maio.<\/p>\n","protected":false},"excerpt":{"rendered":"Dermatologista das cirurgias pol\u00e9micas no Santa Maria j\u00e1 n\u00e3o est\u00e1 em fun\u00e7\u00f5es O m\u00e9dico\u00a0Miguel Alpalh\u00e3o, que est\u00e1 no&hellip;\n","protected":false},"author":2,"featured_media":168374,"comment_status":"","ping_status":"","sticky":false,"template":"","format":"standard","meta":{"footnotes":""},"categories":[8],"tags":[609,611,27,28,2920,607,608,604,35351,610,539,15,16,14,603,25,26,570,21,22,35350,606,35349,12,13,19,20,602,32,23,24,33,9274,58,605,17,18,29,30,31],"class_list":{"0":"post-168373","1":"post","2":"type-post","3":"status-publish","4":"format-standard","5":"has-post-thumbnail","7":"category-principais-noticias","8":"tag-alerta","9":"tag-ao-minuto","10":"tag-breaking-news","11":"tag-breakingnews","12":"tag-cirurgias-adicionais","13":"tag-cnn","14":"tag-cnn-portugal","15":"tag-crime","16":"tag-dermatologista-santa-maria","17":"tag-direto","18":"tag-educacao","19":"tag-featured-news","20":"tag-featurednews","21":"tag-headlines","22":"tag-justica","23":"tag-latest-news","24":"tag-latestnews","25":"tag-live","26":"tag-main-news","27":"tag-mainnews","28":"tag-medico-santa-maria","29":"tag-meteorologia","30":"tag-miguel-alpalhao","31":"tag-news","32":"tag-noticias","33":"tag-noticias-principais","34":"tag-noticiasprincipais","35":"tag-pais","36":"tag-portugal","37":"tag-principais-noticias","38":"tag-principaisnoticias","39":"tag-pt","40":"tag-santa-maria","41":"tag-sociedade","42":"tag-tempo","43":"tag-top-stories","44":"tag-topstories","45":"tag-ultimas","46":"tag-ultimas-noticias","47":"tag-ultimasnoticias"},"share_on_mastodon":{"url":"","error":"Validation failed: Text character limit of 500 exceeded"},"_links":{"self":[{"href":"https:\/\/www.europesays.com\/pt\/wp-json\/wp\/v2\/posts\/168373","targetHints":{"allow":["GET"]}}],"collection":[{"href":"https:\/\/www.europesays.com\/pt\/wp-json\/wp\/v2\/posts"}],"about":[{"href":"https:\/\/www.europesays.com\/pt\/wp-json\/wp\/v2\/types\/post"}],"author":[{"embeddable":true,"href":"https:\/\/www.europesays.com\/pt\/wp-json\/wp\/v2\/users\/2"}],"replies":[{"embeddable":true,"href":"https:\/\/www.europesays.com\/pt\/wp-json\/wp\/v2\/comments?post=168373"}],"version-history":[{"count":0,"href":"https:\/\/www.europesays.com\/pt\/wp-json\/wp\/v2\/posts\/168373\/revisions"}],"wp:featuredmedia":[{"embeddable":true,"href":"https:\/\/www.europesays.com\/pt\/wp-json\/wp\/v2\/media\/168374"}],"wp:attachment":[{"href":"https:\/\/www.europesays.com\/pt\/wp-json\/wp\/v2\/media?parent=168373"}],"wp:term":[{"taxonomy":"category","embeddable":true,"href":"https:\/\/www.europesays.com\/pt\/wp-json\/wp\/v2\/categories?post=168373"},{"taxonomy":"post_tag","embeddable":true,"href":"https:\/\/www.europesays.com\/pt\/wp-json\/wp\/v2\/tags?post=168373"}],"curies":[{"name":"wp","href":"https:\/\/api.w.org\/{rel}","templated":true}]}}