{"id":168387,"date":"2025-11-28T16:00:37","date_gmt":"2025-11-28T16:00:37","guid":{"rendered":"https:\/\/www.europesays.com\/pt\/168387\/"},"modified":"2025-11-28T16:00:37","modified_gmt":"2025-11-28T16:00:37","slug":"cristina-ferreira-e-claudio-ramos-reagem-a-morte-de-ator-portugues-um-cancro-muito-agressivo-secret-story","status":"publish","type":"post","link":"https:\/\/www.europesays.com\/pt\/168387\/","title":{"rendered":"Cristina Ferreira e Cl\u00e1udio Ramos reagem \u00e0 morte de ator portugu\u00eas: \u00abUm cancro muito agressivo&#8230;\u00bb &#8211; Secret Story"},"content":{"rendered":"<p>O ator <strong>Almeno Gon\u00e7alves morreu nesta quinta-feira, 27 de novembro,<\/strong> aos 66 anos, v\u00edtima de um cancro no c\u00f3lon. A not\u00edcia foi tema na <a href=\"https:\/\/tvi.iol.pt\/secretstory\/mais-vistos\" rel=\"nofollow noopener\" target=\"_blank\">Atualidade do <strong>Dois \u00e0s 10<\/strong> <\/a>e <strong>Cristina Ferreira e Cl\u00e1udio Ramos n\u00e3o ficaram indiferentes.<\/strong><\/p>\n<p>\u00abAcabamos a nossa Atualidade, infelizmente, com uma not\u00edcia triste.<strong> O ator Almeno Gon\u00e7alves, que tanto viu em muitos dos projetos aqui da TVI, morreu hoje<\/strong>\u00bb, revelou Cristina Ferreira, deixando Cl\u00e1udio Ramos muito surpreendido com a not\u00edcia.<\/p>\n<p>\u00ab<strong>Morreu v\u00edtima de um cancro muito agressivo nos \u00faltimos tempos<\/strong> e, por isso mesmo, o Almeno acaba por deixar-nos hoje fisicamente. Ficam os seus projetos e as mem\u00f3rias de quem com ele trabalhou. Um abra\u00e7o e os nossos sentidos p\u00easames para a fam\u00edlia\u00bb, adiantou.<\/p>\n<p><strong>Veja aqui o momento:<\/strong><\/p>\n","protected":false},"excerpt":{"rendered":"O ator Almeno Gon\u00e7alves morreu nesta quinta-feira, 27 de novembro, aos 66 anos, v\u00edtima de um cancro no&hellip;\n","protected":false},"author":2,"featured_media":168388,"comment_status":"","ping_status":"","sticky":false,"template":"","format":"standard","meta":{"footnotes":""},"categories":[145],"tags":[15263,18706,211,210,114,115,18705,1339,32,33,18704],"class_list":{"0":"post-168387","1":"post","2":"type-post","3":"status-publish","4":"format-standard","5":"has-post-thumbnail","7":"category-celebridades","8":"tag-almeno-goncalves","9":"tag-bastidores-secret-story","10":"tag-celebridades","11":"tag-celebrities","12":"tag-entertainment","13":"tag-entretenimento","14":"tag-entrevistas-concorrentes-tvi","15":"tag-luto","16":"tag-portugal","17":"tag-pt","18":"tag-vida-fora-da-casa"},"share_on_mastodon":{"url":"https:\/\/pubeurope.com\/@pt\/115628161286350846","error":""},"_links":{"self":[{"href":"https:\/\/www.europesays.com\/pt\/wp-json\/wp\/v2\/posts\/168387","targetHints":{"allow":["GET"]}}],"collection":[{"href":"https:\/\/www.europesays.com\/pt\/wp-json\/wp\/v2\/posts"}],"about":[{"href":"https:\/\/www.europesays.com\/pt\/wp-json\/wp\/v2\/types\/post"}],"author":[{"embeddable":true,"href":"https:\/\/www.europesays.com\/pt\/wp-json\/wp\/v2\/users\/2"}],"replies":[{"embeddable":true,"href":"https:\/\/www.europesays.com\/pt\/wp-json\/wp\/v2\/comments?post=168387"}],"version-history":[{"count":0,"href":"https:\/\/www.europesays.com\/pt\/wp-json\/wp\/v2\/posts\/168387\/revisions"}],"wp:featuredmedia":[{"embeddable":true,"href":"https:\/\/www.europesays.com\/pt\/wp-json\/wp\/v2\/media\/168388"}],"wp:attachment":[{"href":"https:\/\/www.europesays.com\/pt\/wp-json\/wp\/v2\/media?parent=168387"}],"wp:term":[{"taxonomy":"category","embeddable":true,"href":"https:\/\/www.europesays.com\/pt\/wp-json\/wp\/v2\/categories?post=168387"},{"taxonomy":"post_tag","embeddable":true,"href":"https:\/\/www.europesays.com\/pt\/wp-json\/wp\/v2\/tags?post=168387"}],"curies":[{"name":"wp","href":"https:\/\/api.w.org\/{rel}","templated":true}]}}