{"id":168391,"date":"2025-11-28T16:05:10","date_gmt":"2025-11-28T16:05:10","guid":{"rendered":"https:\/\/www.europesays.com\/pt\/168391\/"},"modified":"2025-11-28T16:05:10","modified_gmt":"2025-11-28T16:05:10","slug":"o-primeiro-filme-de-super-heroi-da-historia-foi-lancado-ha-mais-de-100-anos","status":"publish","type":"post","link":"https:\/\/www.europesays.com\/pt\/168391\/","title":{"rendered":"O primeiro filme de super-her\u00f3i da hist\u00f3ria foi lan\u00e7ado h\u00e1 mais de 100 anos"},"content":{"rendered":"<p>  <img width=\"76\" height=\"40\"   alt=\"Capa da Publica\u00e7\u00e3o\" class=\"article-cover__image\"\/><\/p>\n<p class=\"post__tagline\">A Marca do Zorro representa um momento \u00fanico na hist\u00f3ria dos super-her\u00f3is<\/p>\n<p>        27\/11\/2025      <\/p>\n<p>        &#8230;<\/p>\n<p>      Por<br \/>\n      <a href=\"https:\/\/twitter.com\/\" target=\"_blank\" rel=\"nofollow noopener\"><br \/>\n        Equipe Legi\u00e3o dos Her\u00f3is      <\/a><\/p>\n<p>Pode parecer que os filmes de super-her\u00f3is s\u00e3o uma inven\u00e7\u00e3o recente, mas a verdade \u00e9 que o g\u00eanero existe h\u00e1 mais de um s\u00e9culo. E hoje, o longa que deu o pontap\u00e9 inicial em tudo isso comemora seu 105\u00ba anivers\u00e1rio: O Marca do Zorro, de 1920.Lan\u00e7ado em 27 de novembro de 1920, o filme mudo estrelado por Douglas Fairbanks \u00e9 frequentemente classificado como um filme de \u201ccapa e espada\u201d, mas seus elementos s\u00e3o a base para tudo o que conhecemos como o cinema de super-her\u00f3is moderno.<\/p>\n<p>A trama, baseada no livro A Maldi\u00e7\u00e3o de Capistrano, acompanha Don Diego Vega, um espadachim habilidoso que retorna \u00e0 sua terra natal e a encontra sob a opress\u00e3o de governantes corruptos. Horrorizado com a injusti\u00e7a, ele assume a identidade secreta do Se\u00f1or Zorro, um campe\u00e3o do povo que luta contra os tiranos e deixa sua ic\u00f4nica marca \u201cZ\u201d por onde passa.<\/p>\n<p><img fetchpriority=\"high\" decoding=\"async\" class=\"alignnone size-full wp-image-877453 lazyload\" alt=\"\" width=\"1001\" height=\"779\" \/><\/p>\n<p>A influ\u00eancia do Zorro na cria\u00e7\u00e3o do Batman<\/p>\n<p>A figura do Zorro foi fundamental para popularizar a ideia do super-her\u00f3i: um homem comum que adota uma identidade secreta para proteger os inocentes, enquanto tenta equilibrar sua vida dupla. A hist\u00f3ria mostra at\u00e9 mesmo o interesse amoroso de Don Diego, Lolita Pulido, desprezando sua persona p\u00fablica, mas se encantando pelo her\u00f3i mascarado.<\/p>\n<p>Essa influ\u00eancia foi t\u00e3o marcante que se tornou parte da mitologia de um dos maiores her\u00f3is dos quadrinhos: o <strong>Batman<\/strong>. Os criadores Bob Kane e Bill Finger se inspiraram diretamente no Zorro para estabelecer v\u00e1rios aspectos do Cavaleiro das Trevas.<\/p>\n<p>A conex\u00e3o se tornou c\u00e2none na ic\u00f4nica HQ O Cavaleiro das Trevas, de Frank Miller. Na hist\u00f3ria, \u00e9 estabelecido que a fam\u00edlia Wayne estava saindo de uma sess\u00e3o de A\u00a0Marca do Zorro na noite em que os pais de Bruce foram assassinados, solidificando o filme como o catalisador para o nascimento do Batman.<\/p>\n<p>Mesmo 105 anos depois, o legado de A\u00a0Marca do Zorro continua vivo, servindo como um modelo para as narrativas de her\u00f3is que amamos at\u00e9 hoje.<\/p>\n<p>    <script async src=\"https:\/\/platform.twitter.com\/widgets.js\" charset=\"utf-8\"><\/script><\/p>\n","protected":false},"excerpt":{"rendered":"A Marca do Zorro representa um momento \u00fanico na hist\u00f3ria dos super-her\u00f3is 27\/11\/2025 &#8230; Por Equipe Legi\u00e3o dos&hellip;\n","protected":false},"author":2,"featured_media":168392,"comment_status":"","ping_status":"","sticky":false,"template":"","format":"standard","meta":{"footnotes":""},"categories":[140],"tags":[1948,35352,114,115,147,148,35353,23992,146,32,33,35354],"class_list":{"0":"post-168391","1":"post","2":"type-post","3":"status-publish","4":"format-standard","5":"has-post-thumbnail","7":"category-filmes","8":"tag-batman","9":"tag-drax","10":"tag-entertainment","11":"tag-entretenimento","12":"tag-film","13":"tag-filmes","14":"tag-hulk-demu00f4nio","15":"tag-jamie-foxx","16":"tag-movies","17":"tag-portugal","18":"tag-pt","19":"tag-todomundoodeiaochris"},"share_on_mastodon":{"url":"https:\/\/pubeurope.com\/@pt\/115628181210536599","error":""},"_links":{"self":[{"href":"https:\/\/www.europesays.com\/pt\/wp-json\/wp\/v2\/posts\/168391","targetHints":{"allow":["GET"]}}],"collection":[{"href":"https:\/\/www.europesays.com\/pt\/wp-json\/wp\/v2\/posts"}],"about":[{"href":"https:\/\/www.europesays.com\/pt\/wp-json\/wp\/v2\/types\/post"}],"author":[{"embeddable":true,"href":"https:\/\/www.europesays.com\/pt\/wp-json\/wp\/v2\/users\/2"}],"replies":[{"embeddable":true,"href":"https:\/\/www.europesays.com\/pt\/wp-json\/wp\/v2\/comments?post=168391"}],"version-history":[{"count":0,"href":"https:\/\/www.europesays.com\/pt\/wp-json\/wp\/v2\/posts\/168391\/revisions"}],"wp:featuredmedia":[{"embeddable":true,"href":"https:\/\/www.europesays.com\/pt\/wp-json\/wp\/v2\/media\/168392"}],"wp:attachment":[{"href":"https:\/\/www.europesays.com\/pt\/wp-json\/wp\/v2\/media?parent=168391"}],"wp:term":[{"taxonomy":"category","embeddable":true,"href":"https:\/\/www.europesays.com\/pt\/wp-json\/wp\/v2\/categories?post=168391"},{"taxonomy":"post_tag","embeddable":true,"href":"https:\/\/www.europesays.com\/pt\/wp-json\/wp\/v2\/tags?post=168391"}],"curies":[{"name":"wp","href":"https:\/\/api.w.org\/{rel}","templated":true}]}}