{"id":168393,"date":"2025-11-28T16:06:08","date_gmt":"2025-11-28T16:06:08","guid":{"rendered":"https:\/\/www.europesays.com\/pt\/168393\/"},"modified":"2025-11-28T16:06:08","modified_gmt":"2025-11-28T16:06:08","slug":"irao-boicota-sorteio-do-mundial-2026-apos-recusas-de-entrada-nos-eua-zerozero-pt","status":"publish","type":"post","link":"https:\/\/www.europesays.com\/pt\/168393\/","title":{"rendered":"Ir\u00e3o boicota sorteio do Mundial 2026 ap\u00f3s recusas de entrada nos EUA &#8211; zerozero.pt"},"content":{"rendered":"<ol>\n<li><a href=\"https:\/\/news.google.com\/rss\/articles\/CBMitAFBVV95cUxORFEwSTliZzNrd3o4VlpvWGZTQVlGdWI2RzZwUk90Z1JEN1hPMzY0SXRDUFVRckpDOGp1MFBBTGNzUWc0bGJxRk1iZGdaNjg0b244Z1RtTVpIZTQ4WnRQVlBqU3ROcl9YT2FKSWxmQjQ1M1pnY0F1bUVjWGMwWi1KT0g0RFk0UmVSb1JySnFnWkRYZ2FVeVpORXhBUzYzZFBPR0tac2NRbGlpQjFBZDFZMUhJbHU?oc=5\" target=\"_blank\" rel=\"nofollow noopener\">Ir\u00e3o boicota sorteio do Mundial 2026 ap\u00f3s recusas de entrada nos EUA<\/a>&nbsp;&nbsp;zerozero.pt<\/li>\n<li><a href=\"https:\/\/news.google.com\/rss\/articles\/CBMi2gFBVV95cUxONEE4a1JtNWFwWkRlZ0l3YzZSUDk3S0M2S1BVZmpxMVV6S254OS12UEQ2WWRkRnF0MnBadXJDS191YWtrSk82a1dHVnFDRTZNcjhheEgzeWxDSFVzYkc2cnN6TVpKd0dfN0Z3OUIxcndtN1R0MG4wREdnTnBBSXRJbVFiNXRaTmxXaUw1WWVBWWJZTmlUeTBydmRUejZIdXBCTjRfSmU1a0xLdVdaWHdSLXVOTnRvZXJRX05pR2RRZ0NfZVNGY3Y3aFJEdXEzVUgzZFpWZFlKM3Z0Z9IB6AFBVV95cUxQNGtxU1J5RTNsejVpdjV1cVhzQ0VtYmI4X0dFYXpaS3owcFBCNTJtWkFTbWRETENZTmVuMkdfTWxDWVlNdVZncTh6SEhZVDVnZlg4bWNFQXlvQkhRNXRfZ0tPOGoyWXlQLWlLSl9QZ19kQ29MY2RGdkhkcGozOXpYc1JnamRjR2xjZ1Z3SmstcVhlMjZieXZZeUItbHE0aHBuaGRJdzNselNsYmV0bFFLeGRjUFNwaHJnZHJuaE0xZEMzbk9leTJFRTN1d2xkcUluM2RxZEVIOVRybjYtenpBYUhSNGd5dW9X?oc=5\" target=\"_blank\" rel=\"nofollow noopener\">Ir\u00e3 boicotar\u00e1 sorteio da Copa do Mundo por falta de vistos dos EUA<\/a>&nbsp;&nbsp;ge<\/li>\n<li><a href=\"https:\/\/news.google.com\/rss\/articles\/CBMiiwJBVV95cUxNcWxBMjJvUFlIYjI3MXZSWG5VeGtSSnBwZi1yOEhVNnpGRGxWYTdYZi11VnllTEpPVzdpNHE0aHBtM1N1QVFFeGd4YnZ0clEyb2JwQk1FTEpDZ1ZOMXRJcDloQnRUSDhZZV9WWXAxeEFwdXJjMnEzazdKVG1wak55bm82UHY2anFRYUNReHltazNLY0RnTWlJUzlkY3B4U3BySnhxeGt5RG91ckk5SXVYVGdZQU9NVlo5ejRaMlplU1dsUFR2cHhvMWJTa1FsdU1vRzJWZkRIb2JBVnQ0OWF0dE5ZNTZlTWJGX3A4Unl6VGdvY3BlVnhzRlNBWlNQZGN2azVMdVpQVTQzUDg?oc=5\" target=\"_blank\" rel=\"nofollow noopener\">Ir\u00e3 anuncia que n\u00e3o estar\u00e1 presente no evento do sorteio dos grupos da Copa de 2026 nos EUA<\/a>&nbsp;&nbsp;Terra<\/li>\n<li><a href=\"https:\/\/news.google.com\/rss\/articles\/CBMi0gFBVV95cUxQZmFJSC1aY082VDAzdXlGZDhRYWhGSU9feGVYM3RTSXQtbi1DTnZIUDJEaW1lNUdXREZTcGFlc1RUUmxKRkRsY3R2ZGlWQjJveF94WTdiQVFhYXVic2JKQlM3NWc2cE16QmpwUlB3R1lBRW9YZ3Z5T3pmZzBqUG9IaUhpc2w2NFhaTVQyRkdBSkRwYkEwNWlWYWtfWVZoeDhnbmJydXJMZGpKbm9POEg2b0FTdUNwbkk4dmxTN2w2U2s3Nm9RZEVfREpZMUFOUFpIRWc?oc=5\" target=\"_blank\" rel=\"nofollow noopener\">Ir\u00e3 boicota sorteio da Copa ap\u00f3s EUA n\u00e3o conceder vistos a dirigentes<\/a>&nbsp;&nbsp;UOL<\/li>\n<li><a href=\"https:\/\/news.google.com\/rss\/articles\/CBMizwFBVV95cUxQN2owX0l6bGhRN2ptM0Z1YjdfZXlVUWVoVWhTRW00OEI4bUR1MkxmRWRhdHU1bkFzTWRnVWxMa2hCbEUwVWFuUEg0UVRBbk5xTE0wNlFuQ3l5YUdmeFhsU0pVOTJIYUp5aDhocFhFX3JxSHZUczhnLUI4c19tN2NmSWJBSngyRFN3bWV4VVpNUl9ST2F3a1RUcV9xMVFfZnFLZmJLUUh1UTV1NFE1NXhlOHpBdzRrTzFOTkNZNC1GYV9wYXJidmFmdDltS1c3dm8?oc=5\" target=\"_blank\" rel=\"nofollow noopener\">Ir\u00e3 pretende boicotar sorteio da Copa do Mundo 2026 por falta de vistos dos Estados Unidos<\/a>&nbsp;&nbsp;R7 Esportes<\/li>\n<\/ol>\n","protected":false},"excerpt":{"rendered":"Ir\u00e3o boicota sorteio do Mundial 2026 ap\u00f3s recusas de entrada nos EUA&nbsp;&nbsp;zerozero.pt Ir\u00e3 boicotar\u00e1 sorteio da Copa do&hellip;\n","protected":false},"author":2,"featured_media":168394,"comment_status":"","ping_status":"","sticky":false,"template":"","format":"standard","meta":{"footnotes":""},"categories":[87],"tags":[3056,2685,135,16996,870,2698,526,31454,524,1003,6027,13,32,33,527,31535,525,134,31536,2697,523],"class_list":{"0":"post-168393","1":"post","2":"type-post","3":"status-publish","4":"format-standard","5":"has-post-thumbnail","7":"category-desporto","8":"tag-ao-vivo","9":"tag-bola","10":"tag-desporto","11":"tag-europeu","12":"tag-eventos","13":"tag-fifa","14":"tag-football","15":"tag-forum","16":"tag-futebol","17":"tag-liga-dos-campeoes","18":"tag-mundial","19":"tag-noticias","20":"tag-portugal","21":"tag-pt","22":"tag-resultados","23":"tag-resultados-em-directo","24":"tag-soccer","25":"tag-sports","26":"tag-torneios","27":"tag-uefa","28":"tag-zerozero"},"share_on_mastodon":{"url":"https:\/\/pubeurope.com\/@pt\/115628185121312709","error":""},"_links":{"self":[{"href":"https:\/\/www.europesays.com\/pt\/wp-json\/wp\/v2\/posts\/168393","targetHints":{"allow":["GET"]}}],"collection":[{"href":"https:\/\/www.europesays.com\/pt\/wp-json\/wp\/v2\/posts"}],"about":[{"href":"https:\/\/www.europesays.com\/pt\/wp-json\/wp\/v2\/types\/post"}],"author":[{"embeddable":true,"href":"https:\/\/www.europesays.com\/pt\/wp-json\/wp\/v2\/users\/2"}],"replies":[{"embeddable":true,"href":"https:\/\/www.europesays.com\/pt\/wp-json\/wp\/v2\/comments?post=168393"}],"version-history":[{"count":0,"href":"https:\/\/www.europesays.com\/pt\/wp-json\/wp\/v2\/posts\/168393\/revisions"}],"wp:featuredmedia":[{"embeddable":true,"href":"https:\/\/www.europesays.com\/pt\/wp-json\/wp\/v2\/media\/168394"}],"wp:attachment":[{"href":"https:\/\/www.europesays.com\/pt\/wp-json\/wp\/v2\/media?parent=168393"}],"wp:term":[{"taxonomy":"category","embeddable":true,"href":"https:\/\/www.europesays.com\/pt\/wp-json\/wp\/v2\/categories?post=168393"},{"taxonomy":"post_tag","embeddable":true,"href":"https:\/\/www.europesays.com\/pt\/wp-json\/wp\/v2\/tags?post=168393"}],"curies":[{"name":"wp","href":"https:\/\/api.w.org\/{rel}","templated":true}]}}