{"id":168395,"date":"2025-11-28T16:07:12","date_gmt":"2025-11-28T16:07:12","guid":{"rendered":"https:\/\/www.europesays.com\/pt\/168395\/"},"modified":"2025-11-28T16:07:12","modified_gmt":"2025-11-28T16:07:12","slug":"guia-da-farmacia-avanco-da-obesidade-no-pais-acende-alerta-para-prevencao","status":"publish","type":"post","link":"https:\/\/www.europesays.com\/pt\/168395\/","title":{"rendered":"Guia da Farm\u00e1cia | Avan\u00e7o da obesidade no pa\u00eds acende alerta para preven\u00e7\u00e3o"},"content":{"rendered":"<p>                        <img width=\"1024\" height=\"683\" src=\"https:\/\/www.europesays.com\/pt\/wp-content\/uploads\/2025\/11\/Shutterstock_2123263646-1024x683.jpg\" class=\"img-post wp-post-image\" alt=\"empresas-farmaceuticas-disputam-pela-lideranca-do-mercado-de-us-44-bilhoes-para-tratamento-da-obesidade\" decoding=\"async\" fetchpriority=\"high\"  \/><\/p>\n<p>Dados do painel da Obesidade do Minist\u00e9rio da Sa\u00fade mostram que a obesidade tem avan\u00e7ado rapidamente entre adultos no pa\u00eds. Em 2006, 11,8% da popula\u00e7\u00e3o nessa faixa et\u00e1ria vivia com a doen\u00e7a. Em 2023, o \u00edndice chegou a 24,3%. Proje\u00e7\u00f5es do Atlas Mundial da Obesidade apontam que, mantida a tend\u00eancia, 48% dos adultos brasileiros ser\u00e3o obesos at\u00e9 2044, enquanto 27% ter\u00e3o sobrepeso.<\/p>\n<p>A escalada reflete o entendimento atual de que a obesidade \u00e9 uma doen\u00e7a cr\u00f4nica, sist\u00eamica e multifatorial. A condi\u00e7\u00e3o deixou de ser associada apenas ao peso e passou a ser definida pelo excesso de adiposidade capaz de alterar o funcionamento de \u00f3rg\u00e3os e tecidos ou limitar atividades cotidianas. Mesmo antes da manifesta\u00e7\u00e3o de sintomas, especialistas j\u00e1 consideram a exist\u00eancia da obesidade pr\u00e9-cl\u00ednica, est\u00e1gio inicial de ac\u00famulo de gordura sem sinais evidentes de comprometimento.<br \/>\u00a0<\/p>\n<p>Para o Dr. Raul Queiroz, m\u00e9dico da Fam\u00edlia e Comunidade do <a href=\"https:\/\/cejam.org.br\/\" target=\"_blank\" rel=\"noopener nofollow\">CEJAM \u2013 Centro de Estudos e Pesquisas \u201cDr. Jo\u00e3o Amorim\u201d<\/a>, essa mudan\u00e7a de compreens\u00e3o \u00e9 fundamental. \u201cA obesidade n\u00e3o \u00e9 s\u00f3 uma quest\u00e3o de peso. \u00c9 uma condi\u00e7\u00e3o que afeta o corpo como um todo e precisa ser vista como doen\u00e7a cr\u00f4nica\u201d. Ele explica que o IMC continua \u00fatil como triagem, mas tem limita\u00e7\u00f5es importantes. \u201cO IMC pode superestimar ou subestimar casos. Por isso precisamos olhar circunfer\u00eancia abdominal, rela\u00e7\u00e3o cintura-quadril e, quando poss\u00edvel, usar bioimped\u00e2ncia\u201d.<br \/>\u00a0<\/p>\n<p>O m\u00e9dico pontua que o crescimento da obesidade no pa\u00eds resulta de um cen\u00e1rio amplo, marcado por consumo elevado de ultraprocessados, redu\u00e7\u00e3o da atividade f\u00edsica, longas jornadas de trabalho, transporte motorizado e desigualdade socioecon\u00f4mica. Estresse, priva\u00e7\u00e3o de sono e fatores emocionais completam o quadro. \u201cVivemos em um ambiente que favorece o ganho de peso. \u00c9 um contexto obesog\u00eanico, que combina falta de tempo, m\u00e1 alimenta\u00e7\u00e3o e pouco acesso a espa\u00e7os de lazer\u201d.<\/p>\n<p>Preven\u00e7\u00e3o<\/p>\n<p>Para o especialista, a preven\u00e7\u00e3o precisa ser cont\u00ednua e adaptada a cada fase da vida. Ele destaca alimenta\u00e7\u00e3o baseada em produtos in natura, pr\u00e1tica regular de atividade f\u00edsica, controle do estresse e sono adequado como pilares.<\/p>\n<p>Em adultos, recomenda-se ao menos 150 minutos semanais de exerc\u00edcios moderados ou 75 minutos de atividades vigorosas. Em crian\u00e7as, redu\u00e7\u00e3o do tempo de tela e est\u00edmulo a brincadeiras ativas s\u00e3o fundamentais. Acompanhamento desde a inf\u00e2ncia, com monitoramento regular do peso e da composi\u00e7\u00e3o corporal, ajuda a evitar o avan\u00e7o para a obesidade cl\u00ednica.<\/p>\n<p>A ado\u00e7\u00e3o desses h\u00e1bitos reduz de forma significativa o risco de uma s\u00e9rie de complica\u00e7\u00f5es associadas ao excesso de adiposidade, como hipertrofia ventricular esquerda, esteatose hep\u00e1tica, apneia obstrutiva do sono, insufici\u00eancia renal, hiperandrogenismo, s\u00edndrome dos ov\u00e1rios polic\u00edsticos, hipogonadismo masculino, dores articulares cr\u00f4nicas, limita\u00e7\u00f5es funcionais, diabetes tipo 2, hipertens\u00e3o, AVC, infarto, s\u00edndrome metab\u00f3lica e dislipidemias. \u201cPrevenir a obesidade \u00e9 preservar a fun\u00e7\u00e3o dos \u00f3rg\u00e3os e garantir longevidade com qualidade de vida\u201d, afirma o m\u00e9dico.<\/p>\n<p>Dr. Raul tamb\u00e9m enfatiza a bioimped\u00e2ncia como ferramenta fundamental na abordagem moderna da doen\u00e7a. O m\u00e9todo permite estimar com mais precis\u00e3o a propor\u00e7\u00e3o de massa magra, gordura e \u00e1gua corporal, detectando mudan\u00e7as sutis mesmo quando o peso total permanece est\u00e1vel.<\/p>\n<p>Essa precis\u00e3o auxilia na personaliza\u00e7\u00e3o de planos alimentares e treinos, e ajuda a avaliar riscos como obesidade sarcop\u00eanica, condi\u00e7\u00e3o cl\u00ednica que combina o excesso de gordura corporal e perda de massa e fun\u00e7\u00e3o muscular simultaneamente, mais comum em idosos. Tamb\u00e9m \u00e9 um dos instrumentos que permite classificar o paciente nos est\u00e1gios pr\u00e9-cl\u00ednico ou cl\u00ednico.<\/p>\n<p>Atendimento gratuito<\/p>\n<p>Com o avan\u00e7o da obesidade no pa\u00eds, ampliar o acesso a servi\u00e7os de preven\u00e7\u00e3o tornou-se essencial. Atentas a essa necessidade, redes privadas t\u00eam expandido a oferta de atendimentos b\u00e1sicos gratuitos \u00e0 popula\u00e7\u00e3o.<\/p>\n<p>A <a href=\"https:\/\/www.paguemenos.com.br\/\" target=\"_blank\" rel=\"noopener nofollow\">rede de farm\u00e1cias Pague Menos<\/a> oferece gratuitamente o c\u00e1lculo do IMC todos os dias e, \u00e0s quartas-feiras, durante a a\u00e7\u00e3o \u201cQuarta da Sa\u00fade\u201d, disponibiliza tamb\u00e9m a avalia\u00e7\u00e3o corporal por bioimped\u00e2ncia e o exame de glicemia em unidades que contam com consult\u00f3rios farmac\u00eauticos.<br \/>\u00a0<\/p>\n<p>\u201cQuando levamos servi\u00e7os de monitoramento para perto da popula\u00e7\u00e3o, reduzimos barreiras e facilitamos o cuidado cont\u00ednuo\u201d, afirma Socorro Sim\u00f5es, Diretora de Hub de Sa\u00fade das Farm\u00e1cias Pague Menos. \u201cA preven\u00e7\u00e3o precisa ser acess\u00edvel, frequente e integrada ao dia a dia das pessoas para realmente fazer diferen\u00e7a.\u201d<br \/><strong>Fonte<\/strong>: Pague Menos<\/p>\n<p><strong>Foto<\/strong>: Shutterstock<\/p>\n<p>Leia tamb\u00e9m<\/p>\n<p><a href=\"https:\/\/guiadafarmacia.com.br\/mercado-de-canetas-emagrecedoras-avanca-416-no-brasil\/\" target=\"_blank\" rel=\"noopener nofollow\">Mercado de canetas emagrecedoras avan\u00e7a 41,6% no Brasil<\/a><\/p>\n","protected":false},"excerpt":{"rendered":"Dados do painel da Obesidade do Minist\u00e9rio da Sa\u00fade mostram que a obesidade tem avan\u00e7ado rapidamente entre adultos&hellip;\n","protected":false},"author":2,"featured_media":168396,"comment_status":"","ping_status":"","sticky":false,"template":"","format":"standard","meta":{"footnotes":""},"categories":[86],"tags":[35355,35356,116,1022,32,25290,33,117],"class_list":{"0":"post-168395","1":"post","2":"type-post","3":"status-publish","4":"format-standard","5":"has-post-thumbnail","7":"category-saude","8":"tag-bioimpedancia","9":"tag-calculo-imc","10":"tag-health","11":"tag-obesidade","12":"tag-portugal","13":"tag-prevencao-da-obesidade","14":"tag-pt","15":"tag-saude"},"share_on_mastodon":{"url":"https:\/\/pubeurope.com\/@pt\/115628189050650207","error":""},"_links":{"self":[{"href":"https:\/\/www.europesays.com\/pt\/wp-json\/wp\/v2\/posts\/168395","targetHints":{"allow":["GET"]}}],"collection":[{"href":"https:\/\/www.europesays.com\/pt\/wp-json\/wp\/v2\/posts"}],"about":[{"href":"https:\/\/www.europesays.com\/pt\/wp-json\/wp\/v2\/types\/post"}],"author":[{"embeddable":true,"href":"https:\/\/www.europesays.com\/pt\/wp-json\/wp\/v2\/users\/2"}],"replies":[{"embeddable":true,"href":"https:\/\/www.europesays.com\/pt\/wp-json\/wp\/v2\/comments?post=168395"}],"version-history":[{"count":0,"href":"https:\/\/www.europesays.com\/pt\/wp-json\/wp\/v2\/posts\/168395\/revisions"}],"wp:featuredmedia":[{"embeddable":true,"href":"https:\/\/www.europesays.com\/pt\/wp-json\/wp\/v2\/media\/168396"}],"wp:attachment":[{"href":"https:\/\/www.europesays.com\/pt\/wp-json\/wp\/v2\/media?parent=168395"}],"wp:term":[{"taxonomy":"category","embeddable":true,"href":"https:\/\/www.europesays.com\/pt\/wp-json\/wp\/v2\/categories?post=168395"},{"taxonomy":"post_tag","embeddable":true,"href":"https:\/\/www.europesays.com\/pt\/wp-json\/wp\/v2\/tags?post=168395"}],"curies":[{"name":"wp","href":"https:\/\/api.w.org\/{rel}","templated":true}]}}